{"id":89,"date":"2018-10-18T11:57:46","date_gmt":"2018-10-18T09:57:46","guid":{"rendered":"https:\/\/bismarckserben.org\/aktuelles\/?p=89"},"modified":"2022-10-11T19:21:27","modified_gmt":"2022-10-11T17:21:27","slug":"zdp-aufruf-zur-volkserfassung-der-preussen","status":"publish","type":"post","link":"https:\/\/bismarckserben.org\/aktuelles\/2018-10-18-zdp-aufruf-zur-volkserfassung-der-preussen\/","title":{"rendered":"ZdP: Aufruf zur Volkserfassung der Preu\u00dfen."},"content":{"rendered":"<p>Der interimistische Zentralrat der Preu\u00dfen ZdP des <a href=\"https:\/\/bismarckserben.org\/preussen\/\">Preu\u00dfischen Instituts<\/a> hat in seiner Sitzung vom 17. Oktober 2018 beschlossen, folgenden Aufruf zu ver\u00f6ffentlichen:<\/p>\n<p><a href=\"https:\/\/bismarckserben.org\/aktuelles\/wp-content\/uploads\/2018\/10\/Aufruf-Volkserfassung-juni-2019.jpg\"><img loading=\"lazy\" decoding=\"async\" class=\"aligncenter wp-image-311 size-medium\" src=\"https:\/\/bismarckserben.org\/aktuelles\/wp-content\/uploads\/2018\/10\/Aufruf-Volkserfassung-juni-2019-300x225.jpg\" alt=\"Aufruf zur Volkserfassung in Preu\u00dfen\" width=\"300\" height=\"225\" srcset=\"https:\/\/bismarckserben.org\/aktuelles\/wp-content\/uploads\/2018\/10\/Aufruf-Volkserfassung-juni-2019-300x225.jpg 300w, https:\/\/bismarckserben.org\/aktuelles\/wp-content\/uploads\/2018\/10\/Aufruf-Volkserfassung-juni-2019-768x576.jpg 768w, https:\/\/bismarckserben.org\/aktuelles\/wp-content\/uploads\/2018\/10\/Aufruf-Volkserfassung-juni-2019.jpg 1024w, https:\/\/bismarckserben.org\/aktuelles\/wp-content\/uploads\/2018\/10\/Aufruf-Volkserfassung-juni-2019-624x468.jpg 624w, https:\/\/bismarckserben.org\/aktuelles\/wp-content\/uploads\/2018\/10\/Aufruf-Volkserfassung-juni-2019-240x180.jpg 240w, https:\/\/bismarckserben.org\/aktuelles\/wp-content\/uploads\/2018\/10\/Aufruf-Volkserfassung-juni-2019-80x60.jpg 80w, https:\/\/bismarckserben.org\/aktuelles\/wp-content\/uploads\/2018\/10\/Aufruf-Volkserfassung-juni-2019-576x432.jpg 576w\" sizes=\"auto, (max-width: 300px) 100vw, 300px\" \/><\/a><\/p>\n<p>Staatsvolk ist eine von drei elementaren Grundlage eines Staates. Die erste deutsche Volksz\u00e4hlung fand 1816 im K\u00f6nigreich Preu\u00dfen statt. Im Jahr 2018 gibt es keinen \u00dcberblick, weder \u00fcber das preu\u00dfische Staatsvolk, noch \u00fcber das Volk der \u00fcbrigen deutschen Bundesstaaten. F\u00fcr die Geltendmachung verbriefter Rechte muss zun\u00e4chst Volk vorhanden sein. Insbesondere hinsichtlich der v\u00f6lkerrechtlichen <a href=\"https:\/\/bismarckserben.org\/aktuelles\/2018-10-14-die-preussen-besitzen-den-schluessel-zum-weltfrieden\/\">Relevanz des K\u00f6nigreich Preu\u00dfen f\u00fcr einen Friedensschlu\u00df<\/a> f\u00e4llt dem Preu\u00dfischen Staat eine f\u00fchrende und gewichtige Rolle nicht nur f\u00fcr das deutsche Volk, sondern letztlich sogar f\u00fcr alle V\u00f6lker dieser Welt, zu.<\/p>\n<p>Es ist daher unerl\u00e4sslich, die im Staatsgebiet der preu\u00dfischen Monarchie befindlichen Deutschen (Indigenat gem. <a href=\"https:\/\/reichsverfassungsurkunde.bismarckserben.org\/seite84.php\" target=\"_blank\" rel=\"noopener noreferrer\">Artikel 3 Reichsverfassung<\/a>) zu erfassen. Es sollen mehr als 4 Millionen Staatsangeh\u00f6rigkeitsausweise kursieren, eine unbekannte Zahl hat den Nachweis zwar gef\u00fchrt, die Feststellung sowie die Ausstellung des Staatsangeh\u00f6rigkeitsausweises wird seit 2016 aber zunehmend verweigert. Deshalb ergeht hiermit<\/p>\n<p>Dringende Feststellung der<br \/>\nVOLKSERFASSUNG<\/p>\n<p>Diese sensible Arbeit ist grundlegend, sowohl f\u00fcr die Geltendmachung v\u00f6lkerrechtlich verbriefter Rechte, die Reorganisation der staatlichen Handlungsf\u00e4higkeit als auch f\u00fcr Erstellung von W\u00e4hlerregistern, etc.<\/p>\n<p><strong>Alle Deutschen werden aufgerufen, sich dazu mit dem <a href=\"https:\/\/www.ewigerbund.org\/volk\/\">Ewigen Bund<\/a> in Verbindung zu setzen!<\/strong><\/p>\n","protected":false},"excerpt":{"rendered":"<p>Der interimistische Zentralrat der Preu\u00dfen ZdP des Preu\u00dfischen Instituts hat in seiner Sitzung vom 17. Oktober 2018 beschlossen, folgenden Aufruf zu ver\u00f6ffentlichen: Staatsvolk ist eine von drei elementaren Grundlage eines&#8230; <a class=\"read-more-link\" href=\"https:\/\/bismarckserben.org\/aktuelles\/2018-10-18-zdp-aufruf-zur-volkserfassung-der-preussen\/\">Read more &raquo;<\/a><\/p>\n","protected":false},"author":1,"featured_media":90,"comment_status":"open","ping_status":"open","sticky":false,"template":"","format":"standard","meta":{"footnotes":""},"categories":[14],"tags":[17,16,15],"class_list":["post-89","post","type-post","status-publish","format-standard","has-post-thumbnail","hentry","category-bekanntmachung","tag-aufruf","tag-preussen","tag-zdp"],"yoast_head":"<!-- This site is optimized with the Yoast SEO plugin v24.3 - https:\/\/yoast.com\/wordpress\/plugins\/seo\/ -->\n<title>ZdP: Aufruf zur Volkserfassung der Preu\u00dfen. - Bismarcks Erben.<\/title>\n<meta name=\"robots\" content=\"index, follow, max-snippet:-1, max-image-preview:large, max-video-preview:-1\" \/>\n<link rel=\"canonical\" href=\"https:\/\/bismarckserben.org\/aktuelles\/2018-10-18-zdp-aufruf-zur-volkserfassung-der-preussen\/\" \/>\n<meta property=\"og:locale\" content=\"de_DE\" \/>\n<meta property=\"og:type\" content=\"article\" \/>\n<meta property=\"og:title\" content=\"ZdP: Aufruf zur Volkserfassung der Preu\u00dfen. - Bismarcks Erben.\" \/>\n<meta property=\"og:description\" content=\"Der interimistische Zentralrat der Preu\u00dfen ZdP des Preu\u00dfischen Instituts hat in seiner Sitzung vom 17. Oktober 2018 beschlossen, folgenden Aufruf zu ver\u00f6ffentlichen: Staatsvolk ist eine von drei elementaren Grundlage eines... Read more &raquo;\" \/>\n<meta property=\"og:url\" content=\"https:\/\/bismarckserben.org\/aktuelles\/2018-10-18-zdp-aufruf-zur-volkserfassung-der-preussen\/\" \/>\n<meta property=\"og:site_name\" content=\"Bismarcks Erben.\" \/>\n<meta property=\"article:published_time\" content=\"2018-10-18T09:57:46+00:00\" \/>\n<meta property=\"article:modified_time\" content=\"2022-10-11T17:21:27+00:00\" \/>\n<meta property=\"og:image\" content=\"https:\/\/bismarckserben.org\/aktuelles\/wp-content\/uploads\/2018\/10\/Aufruf-Volkserfassung.jpg\" \/>\n\t<meta property=\"og:image:width\" content=\"1024\" \/>\n\t<meta property=\"og:image:height\" content=\"768\" \/>\n\t<meta property=\"og:image:type\" content=\"image\/jpeg\" \/>\n<meta name=\"author\" content=\"Sascha171\" \/>\n<meta name=\"twitter:card\" content=\"summary_large_image\" \/>\n<meta name=\"twitter:label1\" content=\"Verfasst von\" \/>\n\t<meta name=\"twitter:data1\" content=\"Sascha171\" \/>\n\t<meta name=\"twitter:label2\" content=\"Gesch\u00e4tzte Lesezeit\" \/>\n\t<meta name=\"twitter:data2\" content=\"2\u00a0Minuten\" \/>\n<script type=\"application\/ld+json\" class=\"yoast-schema-graph\">{\"@context\":\"https:\/\/schema.org\",\"@graph\":[{\"@type\":\"Article\",\"@id\":\"https:\/\/bismarckserben.org\/aktuelles\/2018-10-18-zdp-aufruf-zur-volkserfassung-der-preussen\/#article\",\"isPartOf\":{\"@id\":\"https:\/\/bismarckserben.org\/aktuelles\/2018-10-18-zdp-aufruf-zur-volkserfassung-der-preussen\/\"},\"author\":{\"name\":\"Sascha171\",\"@id\":\"https:\/\/bismarckserben.org\/aktuelles\/#\/schema\/person\/9004856bcb989e4e4cabf5965a269de8\"},\"headline\":\"ZdP: Aufruf zur Volkserfassung der Preu\u00dfen.\",\"datePublished\":\"2018-10-18T09:57:46+00:00\",\"dateModified\":\"2022-10-11T17:21:27+00:00\",\"mainEntityOfPage\":{\"@id\":\"https:\/\/bismarckserben.org\/aktuelles\/2018-10-18-zdp-aufruf-zur-volkserfassung-der-preussen\/\"},\"wordCount\":228,\"commentCount\":14,\"publisher\":{\"@id\":\"https:\/\/bismarckserben.org\/aktuelles\/#organization\"},\"image\":{\"@id\":\"https:\/\/bismarckserben.org\/aktuelles\/2018-10-18-zdp-aufruf-zur-volkserfassung-der-preussen\/#primaryimage\"},\"thumbnailUrl\":\"https:\/\/bismarckserben.org\/aktuelles\/wp-content\/uploads\/2018\/10\/Aufruf-Volkserfassung.jpg\",\"keywords\":[\"Aufruf\",\"Preu\u00dfen\",\"ZdP\"],\"articleSection\":[\"Bekanntmachung\"],\"inLanguage\":\"de\",\"potentialAction\":[{\"@type\":\"CommentAction\",\"name\":\"Comment\",\"target\":[\"https:\/\/bismarckserben.org\/aktuelles\/2018-10-18-zdp-aufruf-zur-volkserfassung-der-preussen\/#respond\"]}]},{\"@type\":\"WebPage\",\"@id\":\"https:\/\/bismarckserben.org\/aktuelles\/2018-10-18-zdp-aufruf-zur-volkserfassung-der-preussen\/\",\"url\":\"https:\/\/bismarckserben.org\/aktuelles\/2018-10-18-zdp-aufruf-zur-volkserfassung-der-preussen\/\",\"name\":\"ZdP: Aufruf zur Volkserfassung der Preu\u00dfen. - Bismarcks Erben.\",\"isPartOf\":{\"@id\":\"https:\/\/bismarckserben.org\/aktuelles\/#website\"},\"primaryImageOfPage\":{\"@id\":\"https:\/\/bismarckserben.org\/aktuelles\/2018-10-18-zdp-aufruf-zur-volkserfassung-der-preussen\/#primaryimage\"},\"image\":{\"@id\":\"https:\/\/bismarckserben.org\/aktuelles\/2018-10-18-zdp-aufruf-zur-volkserfassung-der-preussen\/#primaryimage\"},\"thumbnailUrl\":\"https:\/\/bismarckserben.org\/aktuelles\/wp-content\/uploads\/2018\/10\/Aufruf-Volkserfassung.jpg\",\"datePublished\":\"2018-10-18T09:57:46+00:00\",\"dateModified\":\"2022-10-11T17:21:27+00:00\",\"breadcrumb\":{\"@id\":\"https:\/\/bismarckserben.org\/aktuelles\/2018-10-18-zdp-aufruf-zur-volkserfassung-der-preussen\/#breadcrumb\"},\"inLanguage\":\"de\",\"potentialAction\":[{\"@type\":\"ReadAction\",\"target\":[\"https:\/\/bismarckserben.org\/aktuelles\/2018-10-18-zdp-aufruf-zur-volkserfassung-der-preussen\/\"]}]},{\"@type\":\"ImageObject\",\"inLanguage\":\"de\",\"@id\":\"https:\/\/bismarckserben.org\/aktuelles\/2018-10-18-zdp-aufruf-zur-volkserfassung-der-preussen\/#primaryimage\",\"url\":\"https:\/\/bismarckserben.org\/aktuelles\/wp-content\/uploads\/2018\/10\/Aufruf-Volkserfassung.jpg\",\"contentUrl\":\"https:\/\/bismarckserben.org\/aktuelles\/wp-content\/uploads\/2018\/10\/Aufruf-Volkserfassung.jpg\",\"width\":1024,\"height\":768,\"caption\":\"Aufruf des Zentralrats der Preu\u00dfen zur Volkserfassung\"},{\"@type\":\"BreadcrumbList\",\"@id\":\"https:\/\/bismarckserben.org\/aktuelles\/2018-10-18-zdp-aufruf-zur-volkserfassung-der-preussen\/#breadcrumb\",\"itemListElement\":[{\"@type\":\"ListItem\",\"position\":1,\"name\":\"Startseite\",\"item\":\"https:\/\/bismarckserben.org\/aktuelles\/\"},{\"@type\":\"ListItem\",\"position\":2,\"name\":\"ZdP: Aufruf zur Volkserfassung der Preu\u00dfen.\"}]},{\"@type\":\"WebSite\",\"@id\":\"https:\/\/bismarckserben.org\/aktuelles\/#website\",\"url\":\"https:\/\/bismarckserben.org\/aktuelles\/\",\"name\":\"Bismarcks Erben.\",\"description\":\"Reorganisation des deutschen Indigenats.\",\"publisher\":{\"@id\":\"https:\/\/bismarckserben.org\/aktuelles\/#organization\"},\"potentialAction\":[{\"@type\":\"SearchAction\",\"target\":{\"@type\":\"EntryPoint\",\"urlTemplate\":\"https:\/\/bismarckserben.org\/aktuelles\/?s={search_term_string}\"},\"query-input\":{\"@type\":\"PropertyValueSpecification\",\"valueRequired\":true,\"valueName\":\"search_term_string\"}}],\"inLanguage\":\"de\"},{\"@type\":\"Organization\",\"@id\":\"https:\/\/bismarckserben.org\/aktuelles\/#organization\",\"name\":\"Bismarcks Erben\",\"url\":\"https:\/\/bismarckserben.org\/aktuelles\/\",\"logo\":{\"@type\":\"ImageObject\",\"inLanguage\":\"de\",\"@id\":\"https:\/\/bismarckserben.org\/aktuelles\/#\/schema\/logo\/image\/\",\"url\":\"https:\/\/bismarckserben.org\/aktuelles\/wp-content\/uploads\/2020\/04\/logo-bismarcks-erben-120x150-1.png\",\"contentUrl\":\"https:\/\/bismarckserben.org\/aktuelles\/wp-content\/uploads\/2020\/04\/logo-bismarcks-erben-120x150-1.png\",\"width\":120,\"height\":150,\"caption\":\"Bismarcks Erben\"},\"image\":{\"@id\":\"https:\/\/bismarckserben.org\/aktuelles\/#\/schema\/logo\/image\/\"}},{\"@type\":\"Person\",\"@id\":\"https:\/\/bismarckserben.org\/aktuelles\/#\/schema\/person\/9004856bcb989e4e4cabf5965a269de8\",\"name\":\"Sascha171\",\"image\":{\"@type\":\"ImageObject\",\"inLanguage\":\"de\",\"@id\":\"https:\/\/bismarckserben.org\/aktuelles\/#\/schema\/person\/image\/\",\"url\":\"https:\/\/secure.gravatar.com\/avatar\/1e3f022cd8f681d14f459ffaa89a6798?s=96&d=mm&r=g\",\"contentUrl\":\"https:\/\/secure.gravatar.com\/avatar\/1e3f022cd8f681d14f459ffaa89a6798?s=96&d=mm&r=g\",\"caption\":\"Sascha171\"},\"url\":\"https:\/\/bismarckserben.org\/aktuelles\/author\/sascha171\/\"}]}<\/script>\n<!-- \/ Yoast SEO plugin. -->","yoast_head_json":{"title":"ZdP: Aufruf zur Volkserfassung der Preu\u00dfen. - Bismarcks Erben.","robots":{"index":"index","follow":"follow","max-snippet":"max-snippet:-1","max-image-preview":"max-image-preview:large","max-video-preview":"max-video-preview:-1"},"canonical":"https:\/\/bismarckserben.org\/aktuelles\/2018-10-18-zdp-aufruf-zur-volkserfassung-der-preussen\/","og_locale":"de_DE","og_type":"article","og_title":"ZdP: Aufruf zur Volkserfassung der Preu\u00dfen. - Bismarcks Erben.","og_description":"Der interimistische Zentralrat der Preu\u00dfen ZdP des Preu\u00dfischen Instituts hat in seiner Sitzung vom 17. Oktober 2018 beschlossen, folgenden Aufruf zu ver\u00f6ffentlichen: Staatsvolk ist eine von drei elementaren Grundlage eines... Read more &raquo;","og_url":"https:\/\/bismarckserben.org\/aktuelles\/2018-10-18-zdp-aufruf-zur-volkserfassung-der-preussen\/","og_site_name":"Bismarcks Erben.","article_published_time":"2018-10-18T09:57:46+00:00","article_modified_time":"2022-10-11T17:21:27+00:00","og_image":[{"width":1024,"height":768,"url":"https:\/\/bismarckserben.org\/aktuelles\/wp-content\/uploads\/2018\/10\/Aufruf-Volkserfassung.jpg","type":"image\/jpeg"}],"author":"Sascha171","twitter_card":"summary_large_image","twitter_misc":{"Verfasst von":"Sascha171","Gesch\u00e4tzte Lesezeit":"2\u00a0Minuten"},"schema":{"@context":"https:\/\/schema.org","@graph":[{"@type":"Article","@id":"https:\/\/bismarckserben.org\/aktuelles\/2018-10-18-zdp-aufruf-zur-volkserfassung-der-preussen\/#article","isPartOf":{"@id":"https:\/\/bismarckserben.org\/aktuelles\/2018-10-18-zdp-aufruf-zur-volkserfassung-der-preussen\/"},"author":{"name":"Sascha171","@id":"https:\/\/bismarckserben.org\/aktuelles\/#\/schema\/person\/9004856bcb989e4e4cabf5965a269de8"},"headline":"ZdP: Aufruf zur Volkserfassung der Preu\u00dfen.","datePublished":"2018-10-18T09:57:46+00:00","dateModified":"2022-10-11T17:21:27+00:00","mainEntityOfPage":{"@id":"https:\/\/bismarckserben.org\/aktuelles\/2018-10-18-zdp-aufruf-zur-volkserfassung-der-preussen\/"},"wordCount":228,"commentCount":14,"publisher":{"@id":"https:\/\/bismarckserben.org\/aktuelles\/#organization"},"image":{"@id":"https:\/\/bismarckserben.org\/aktuelles\/2018-10-18-zdp-aufruf-zur-volkserfassung-der-preussen\/#primaryimage"},"thumbnailUrl":"https:\/\/bismarckserben.org\/aktuelles\/wp-content\/uploads\/2018\/10\/Aufruf-Volkserfassung.jpg","keywords":["Aufruf","Preu\u00dfen","ZdP"],"articleSection":["Bekanntmachung"],"inLanguage":"de","potentialAction":[{"@type":"CommentAction","name":"Comment","target":["https:\/\/bismarckserben.org\/aktuelles\/2018-10-18-zdp-aufruf-zur-volkserfassung-der-preussen\/#respond"]}]},{"@type":"WebPage","@id":"https:\/\/bismarckserben.org\/aktuelles\/2018-10-18-zdp-aufruf-zur-volkserfassung-der-preussen\/","url":"https:\/\/bismarckserben.org\/aktuelles\/2018-10-18-zdp-aufruf-zur-volkserfassung-der-preussen\/","name":"ZdP: Aufruf zur Volkserfassung der Preu\u00dfen. - Bismarcks Erben.","isPartOf":{"@id":"https:\/\/bismarckserben.org\/aktuelles\/#website"},"primaryImageOfPage":{"@id":"https:\/\/bismarckserben.org\/aktuelles\/2018-10-18-zdp-aufruf-zur-volkserfassung-der-preussen\/#primaryimage"},"image":{"@id":"https:\/\/bismarckserben.org\/aktuelles\/2018-10-18-zdp-aufruf-zur-volkserfassung-der-preussen\/#primaryimage"},"thumbnailUrl":"https:\/\/bismarckserben.org\/aktuelles\/wp-content\/uploads\/2018\/10\/Aufruf-Volkserfassung.jpg","datePublished":"2018-10-18T09:57:46+00:00","dateModified":"2022-10-11T17:21:27+00:00","breadcrumb":{"@id":"https:\/\/bismarckserben.org\/aktuelles\/2018-10-18-zdp-aufruf-zur-volkserfassung-der-preussen\/#breadcrumb"},"inLanguage":"de","potentialAction":[{"@type":"ReadAction","target":["https:\/\/bismarckserben.org\/aktuelles\/2018-10-18-zdp-aufruf-zur-volkserfassung-der-preussen\/"]}]},{"@type":"ImageObject","inLanguage":"de","@id":"https:\/\/bismarckserben.org\/aktuelles\/2018-10-18-zdp-aufruf-zur-volkserfassung-der-preussen\/#primaryimage","url":"https:\/\/bismarckserben.org\/aktuelles\/wp-content\/uploads\/2018\/10\/Aufruf-Volkserfassung.jpg","contentUrl":"https:\/\/bismarckserben.org\/aktuelles\/wp-content\/uploads\/2018\/10\/Aufruf-Volkserfassung.jpg","width":1024,"height":768,"caption":"Aufruf des Zentralrats der Preu\u00dfen zur Volkserfassung"},{"@type":"BreadcrumbList","@id":"https:\/\/bismarckserben.org\/aktuelles\/2018-10-18-zdp-aufruf-zur-volkserfassung-der-preussen\/#breadcrumb","itemListElement":[{"@type":"ListItem","position":1,"name":"Startseite","item":"https:\/\/bismarckserben.org\/aktuelles\/"},{"@type":"ListItem","position":2,"name":"ZdP: Aufruf zur Volkserfassung der Preu\u00dfen."}]},{"@type":"WebSite","@id":"https:\/\/bismarckserben.org\/aktuelles\/#website","url":"https:\/\/bismarckserben.org\/aktuelles\/","name":"Bismarcks Erben.","description":"Reorganisation des deutschen Indigenats.","publisher":{"@id":"https:\/\/bismarckserben.org\/aktuelles\/#organization"},"potentialAction":[{"@type":"SearchAction","target":{"@type":"EntryPoint","urlTemplate":"https:\/\/bismarckserben.org\/aktuelles\/?s={search_term_string}"},"query-input":{"@type":"PropertyValueSpecification","valueRequired":true,"valueName":"search_term_string"}}],"inLanguage":"de"},{"@type":"Organization","@id":"https:\/\/bismarckserben.org\/aktuelles\/#organization","name":"Bismarcks Erben","url":"https:\/\/bismarckserben.org\/aktuelles\/","logo":{"@type":"ImageObject","inLanguage":"de","@id":"https:\/\/bismarckserben.org\/aktuelles\/#\/schema\/logo\/image\/","url":"https:\/\/bismarckserben.org\/aktuelles\/wp-content\/uploads\/2020\/04\/logo-bismarcks-erben-120x150-1.png","contentUrl":"https:\/\/bismarckserben.org\/aktuelles\/wp-content\/uploads\/2020\/04\/logo-bismarcks-erben-120x150-1.png","width":120,"height":150,"caption":"Bismarcks Erben"},"image":{"@id":"https:\/\/bismarckserben.org\/aktuelles\/#\/schema\/logo\/image\/"}},{"@type":"Person","@id":"https:\/\/bismarckserben.org\/aktuelles\/#\/schema\/person\/9004856bcb989e4e4cabf5965a269de8","name":"Sascha171","image":{"@type":"ImageObject","inLanguage":"de","@id":"https:\/\/bismarckserben.org\/aktuelles\/#\/schema\/person\/image\/","url":"https:\/\/secure.gravatar.com\/avatar\/1e3f022cd8f681d14f459ffaa89a6798?s=96&d=mm&r=g","contentUrl":"https:\/\/secure.gravatar.com\/avatar\/1e3f022cd8f681d14f459ffaa89a6798?s=96&d=mm&r=g","caption":"Sascha171"},"url":"https:\/\/bismarckserben.org\/aktuelles\/author\/sascha171\/"}]}},"_links":{"self":[{"href":"https:\/\/bismarckserben.org\/aktuelles\/wp-json\/wp\/v2\/posts\/89","targetHints":{"allow":["GET"]}}],"collection":[{"href":"https:\/\/bismarckserben.org\/aktuelles\/wp-json\/wp\/v2\/posts"}],"about":[{"href":"https:\/\/bismarckserben.org\/aktuelles\/wp-json\/wp\/v2\/types\/post"}],"author":[{"embeddable":true,"href":"https:\/\/bismarckserben.org\/aktuelles\/wp-json\/wp\/v2\/users\/1"}],"replies":[{"embeddable":true,"href":"https:\/\/bismarckserben.org\/aktuelles\/wp-json\/wp\/v2\/comments?post=89"}],"version-history":[{"count":6,"href":"https:\/\/bismarckserben.org\/aktuelles\/wp-json\/wp\/v2\/posts\/89\/revisions"}],"predecessor-version":[{"id":822,"href":"https:\/\/bismarckserben.org\/aktuelles\/wp-json\/wp\/v2\/posts\/89\/revisions\/822"}],"wp:featuredmedia":[{"embeddable":true,"href":"https:\/\/bismarckserben.org\/aktuelles\/wp-json\/wp\/v2\/media\/90"}],"wp:attachment":[{"href":"https:\/\/bismarckserben.org\/aktuelles\/wp-json\/wp\/v2\/media?parent=89"}],"wp:term":[{"taxonomy":"category","embeddable":true,"href":"https:\/\/bismarckserben.org\/aktuelles\/wp-json\/wp\/v2\/categories?post=89"},{"taxonomy":"post_tag","embeddable":true,"href":"https:\/\/bismarckserben.org\/aktuelles\/wp-json\/wp\/v2\/tags?post=89"}],"curies":[{"name":"wp","href":"https:\/\/api.w.org\/{rel}","templated":true}]}}