{"id":656,"date":"2021-07-22T11:59:31","date_gmt":"2021-07-22T09:59:31","guid":{"rendered":"https:\/\/bismarckserben.org\/aktuelles\/?p=656"},"modified":"2021-07-23T22:41:29","modified_gmt":"2021-07-23T20:41:29","slug":"ist-das-deutsche-reich-kein-bundesstaat","status":"publish","type":"post","link":"https:\/\/bismarckserben.org\/aktuelles\/2021-07-22-ist-das-deutsche-reich-kein-bundesstaat\/","title":{"rendered":"Ist das Deutsche Reich kein (Bundes)Staat?"},"content":{"rendered":"<p><a href=\"https:\/\/bismarckserben.org\/aktuelles\/wp-content\/uploads\/2021\/07\/hoheitsgebiet.jpg\"><img loading=\"lazy\" decoding=\"async\" class=\"alignnone size-large wp-image-657\" src=\"https:\/\/bismarckserben.org\/aktuelles\/wp-content\/uploads\/2021\/07\/hoheitsgebiet-1024x672.jpg\" alt=\"\" width=\"800\" height=\"525\" srcset=\"https:\/\/bismarckserben.org\/aktuelles\/wp-content\/uploads\/2021\/07\/hoheitsgebiet-1024x672.jpg 1024w, https:\/\/bismarckserben.org\/aktuelles\/wp-content\/uploads\/2021\/07\/hoheitsgebiet-300x197.jpg 300w, https:\/\/bismarckserben.org\/aktuelles\/wp-content\/uploads\/2021\/07\/hoheitsgebiet-768x504.jpg 768w, https:\/\/bismarckserben.org\/aktuelles\/wp-content\/uploads\/2021\/07\/hoheitsgebiet-624x409.jpg 624w, https:\/\/bismarckserben.org\/aktuelles\/wp-content\/uploads\/2021\/07\/hoheitsgebiet.jpg 1200w\" sizes=\"auto, (max-width: 800px) 100vw, 800px\" \/><\/a><\/p>\n<blockquote><p><strong>Solange BE aus dem EWIGEN Bund Deutsches Reich einen Bundesstaat\/ Staat machen m\u00f6chte, und somit die Feinde der Deutschen unterst\u00fctzt, kann man kein Video teilen.<\/strong><\/p><\/blockquote>\n<p>Behauptung der Feindpropaganda, verfochten zuletzt von <a href=\"https:\/\/www.youtube.com\/watch?v=VDbj93EbrV4&amp;lc=UgxSfRpo0WwtEusnKbt4AaABAg\" target=\"_blank\" rel=\"noopener\">Andreas Ackmann auf youtube<\/a><\/p>\n<p><strong>Widerlegung:<\/strong><\/p>\n<p><strong>1. Das Deutsche Reich ist ein Staat.<br \/>\n<\/strong>Die Tatsache, da\u00df das Deutsche Reich ein Staat ist, ergibt sich bereits aus der Tatsache, da\u00df es sich im Krieg befindet:<\/p>\n<blockquote><p>\u00a71. Das Recht zur Kriegf\u00fchrung, ein Recht der Staaten.\u00b9<\/p>\n<p>Jedes gewaltsame Vorgehen im internationalen Leben, insbesondere der Krieg als \u00e4u\u00dferstes Gewaltmittel ist rechtlich nur zwischen unabh\u00e4ngigen Staaten als Subjekten der V\u00f6lkerrechtsgemeinschaft zul\u00e4ssig.\u00b2<\/p>\n<p>\u00b9 Vgl. hierzu Ullmann, V\u00f6lkerrecht, \u00a7 106; v. Liszt, V\u00f6lkerrecht, \u00a739; Lueder in Holtzendorff&#8217;s Handbuch IV, \u00a7 60 ff.; Heffter-Geffcken, \u00a7113; Gareis, \u00a779; Rivier, Principes II, \u00a7 117 ff.; Lawrence, Principles, \u00a7 42 ff.; Oppenheim, International Law I, S. 127 ff.; Nys, le droit intern. I Kap. 3<\/p>\n<p>\u00b2 So definiert der von russischer Seite der Br\u00fcsseler Konferenz von 1874 vorgelegte Entwurf im Art 1. den (internationalen) Krieg als den &#8222;Zustand offenen Kampfes zwischen unabh\u00e4ngigen Staaten und ihren bewaffneten organisierten Streitkr\u00e4ften&#8220;. Actes de la Conference Bruxelles. 1874.<\/p>\n<p>Quelle: Kriegserkl\u00e4rung und Friedensschlu\u00df nach deutschem Staats- und V\u00f6lkerrecht. Dr. jur. Matthias Jovy. Berlin, Carl Heymann Verlag, 1913.<\/p><\/blockquote>\n<p><strong>2. Das Deutsche Reich ist ein Bundesstaat.<br \/>\n<\/strong>Die Tatsache, da\u00df das Deutsche Reich die rechtliche Natur eines Bundesstaates als Unterart eines Staatenstaates besitzt, ergibt sich aus Artikel 2, Artikel 4 und vor allem Artikel 78 der Reichsverfassung. Letzterer \u00fcbertr\u00e4gt dem Reich die sog. Kompetenzkompetenz: Mittels Verfassungs\u00e4nderung ist es m\u00f6glich, den Gliedstaaten die Kompetenz f\u00fcr einzelne Rechtsgebiete zu entziehen und sie der Reichsgewalt zu \u00fcbertragen. Dazu ist ein Reichsgesetz und damit ein Bundesratsbeschluss erforderlich, welch letzterer auch gegen den Willen einzelner Gliedstaaten G\u00fcltigkeit erlangt. Das Deutsche Reich ist ein Bundesstaat, denn die einzelnen Glieder sind der Reichsgewalt sowohl unterworfen als auch an der Bildung ihres Willens beteiligt.<\/p>\n<p>Dazu sei angemerkt, da\u00df ALLE namhaften zeitgen\u00f6ssischen Staats- und V\u00f6lkerrechtler dem Deutschen Reich die rechtliche Natur eines Bundesstaates bescheinigen, so unter anderem:<\/p>\n<p>Meyer, Ansch\u00fctz &#8211; Lehrbuch des deutschen Staatsrechts, 1914, Teil 1, \u00a7 71.<\/p>\n<p><a href=\"https:\/\/bibliothek.ewigerbund.org\/?rcno_review=laband-paul-das-staatsrecht-des-deutschen-reiches-band-1-1911-5te-auflage&amp;seite=64\" target=\"_blank\" rel=\"noopener\">Paul Laband &#8211; Das Staatsrecht des Deutschen Reiches, 1911, \u00a7 7ff.<\/a><\/p>\n<p><a href=\"https:\/\/bibliothek.ewigerbund.org\/?rcno_review=die-reichsverfassungsurkunde-vom-16-april-1871-und-die-wichtigsten-administrativgesetze-des-deutschen-reichs-1871&amp;seite=12\" target=\"_blank\" rel=\"noopener\">Riedel &#8211; Reichsverfassungsurkunde, 1871, \u00a7 2.<\/a><\/p>\n<p><a href=\"https:\/\/bibliothek.ewigerbund.org\/?rcno_review=roenne-zorn-das-staatsrecht-der-reussischen-monarchie-band-1-1899&amp;seite=138\" target=\"_blank\" rel=\"noopener\">R\u00f6nne\/ Zorn &#8211; Das Staatsrecht der Preu\u00dfischen Monarchie, Band 1, 1898, \u00a7 6.<\/a><\/p>\n<p><a href=\"https:\/\/bibliothek.ewigerbund.org\/?rcno_review=unsere-reichsverfassung-und-deutsche-landesverfassungen&amp;seite=30\" target=\"_blank\" rel=\"noopener\">Bazille &#8211; Unsere Reichsverfassung und dt. Landesverfassungen, 1906, \u00a76.<\/a><\/p>\n<p><a href=\"https:\/\/bibliothek.ewigerbund.org\/?rcno_review=liszt-franz-das-voelkerrecht&amp;seite=62\" target=\"_blank\" rel=\"noopener\">Liszt &#8211; Das V\u00f6lkerrecht, 1906, \u00a7 6 II.3<\/a> und <a href=\"https:\/\/bibliothek.ewigerbund.org\/?rcno_review=liszt-franz-das-voelkerrecht&amp;seite=134\" target=\"_blank\" rel=\"noopener\">\u00a714 I.3<\/a>.<\/p>\n<p>Und selbst Wikipedia bescheinigt in seinem Artikel <a href=\"https:\/\/de.wikipedia.org\/wiki\/Deutsches_Kaiserreich\" target=\"_blank\" rel=\"noopener\">https:\/\/de.wikipedia.org\/wiki\/Deutsches_Kaiserreich<\/a> dem Deutschen Kaiserreich gleich eingangs die bundesstaatliche Organisation.<\/p>\n<p><strong>3. Fazit<br \/>\n<\/strong>Da Reichsgr\u00fcnder Otto von Bismarck uns wissen l\u00e4sst: &#8222;Die Reichsverfassung sichert der deutschen Nation die v\u00f6lkerrechtliche Existenz&#8220;, offenbart sich jeder, der dem Deutschen Reich den Status eines souver\u00e4nen (Bundes)Staates abspricht, als Feind der deutschen Nation.<\/p>\n<p><img loading=\"lazy\" decoding=\"async\" class=\"alignnone size-full wp-image-241\" src=\"https:\/\/bismarckserben.org\/aktuelles\/wp-content\/uploads\/2018\/09\/zitat-bismarck-reichsverfassung-existenz.jpg\" alt=\"Zitat Bismarcks zur Reichsverfassung und ihrer v\u00f6lkerrechtlichen Relevanz\" width=\"749\" height=\"385\" srcset=\"https:\/\/bismarckserben.org\/aktuelles\/wp-content\/uploads\/2018\/09\/zitat-bismarck-reichsverfassung-existenz.jpg 749w, https:\/\/bismarckserben.org\/aktuelles\/wp-content\/uploads\/2018\/09\/zitat-bismarck-reichsverfassung-existenz-300x154.jpg 300w, https:\/\/bismarckserben.org\/aktuelles\/wp-content\/uploads\/2018\/09\/zitat-bismarck-reichsverfassung-existenz-624x321.jpg 624w\" sizes=\"auto, (max-width: 749px) 100vw, 749px\" \/><\/p>\n","protected":false},"excerpt":{"rendered":"<p>Solange BE aus dem EWIGEN Bund Deutsches Reich einen Bundesstaat\/ Staat machen m\u00f6chte, und somit die Feinde der Deutschen unterst\u00fctzt, kann man kein Video teilen. Behauptung der Feindpropaganda, verfochten zuletzt&#8230; <a class=\"read-more-link\" href=\"https:\/\/bismarckserben.org\/aktuelles\/2021-07-22-ist-das-deutsche-reich-kein-bundesstaat\/\">Read more &raquo;<\/a><\/p>\n","protected":false},"author":1,"featured_media":657,"comment_status":"open","ping_status":"open","sticky":false,"template":"","format":"standard","meta":{"footnotes":""},"categories":[68],"tags":[28,42],"class_list":["post-656","post","type-post","status-publish","format-standard","has-post-thumbnail","hentry","category-feindpropaganda","tag-bundesstaat","tag-voelkerrecht"],"yoast_head":"<!-- This site is optimized with the Yoast SEO plugin v24.3 - https:\/\/yoast.com\/wordpress\/plugins\/seo\/ -->\n<title>Ist das Deutsche Reich kein (Bundes)Staat? - Bismarcks Erben.<\/title>\n<meta name=\"description\" content=\"Bismarcks Erben widerlegen die immer wiederkehrende Behauptung der Feindpropaganda, das Deutsche Reich sei kein Staat bzw. kein Bundesstaat.\" \/>\n<meta name=\"robots\" content=\"index, follow, max-snippet:-1, max-image-preview:large, max-video-preview:-1\" \/>\n<link rel=\"canonical\" href=\"https:\/\/bismarckserben.org\/aktuelles\/2021-07-22-ist-das-deutsche-reich-kein-bundesstaat\/\" \/>\n<meta property=\"og:locale\" content=\"de_DE\" \/>\n<meta property=\"og:type\" content=\"article\" \/>\n<meta property=\"og:title\" content=\"Ist das Deutsche Reich kein (Bundes)Staat? - Bismarcks Erben.\" \/>\n<meta property=\"og:description\" content=\"Bismarcks Erben widerlegen die immer wiederkehrende Behauptung der Feindpropaganda, das Deutsche Reich sei kein Staat bzw. kein Bundesstaat.\" \/>\n<meta property=\"og:url\" content=\"https:\/\/bismarckserben.org\/aktuelles\/2021-07-22-ist-das-deutsche-reich-kein-bundesstaat\/\" \/>\n<meta property=\"og:site_name\" content=\"Bismarcks Erben.\" \/>\n<meta property=\"article:published_time\" content=\"2021-07-22T09:59:31+00:00\" \/>\n<meta property=\"article:modified_time\" content=\"2021-07-23T20:41:29+00:00\" \/>\n<meta property=\"og:image\" content=\"https:\/\/bismarckserben.org\/aktuelles\/wp-content\/uploads\/2021\/07\/hoheitsgebiet.jpg\" \/>\n\t<meta property=\"og:image:width\" content=\"1200\" \/>\n\t<meta property=\"og:image:height\" content=\"787\" \/>\n\t<meta property=\"og:image:type\" content=\"image\/jpeg\" \/>\n<meta name=\"author\" content=\"Sascha171\" \/>\n<meta name=\"twitter:card\" content=\"summary_large_image\" \/>\n<meta name=\"twitter:label1\" content=\"Verfasst von\" \/>\n\t<meta name=\"twitter:data1\" content=\"Sascha171\" \/>\n\t<meta name=\"twitter:label2\" content=\"Gesch\u00e4tzte Lesezeit\" \/>\n\t<meta name=\"twitter:data2\" content=\"3\u00a0Minuten\" \/>\n<script type=\"application\/ld+json\" class=\"yoast-schema-graph\">{\"@context\":\"https:\/\/schema.org\",\"@graph\":[{\"@type\":\"Article\",\"@id\":\"https:\/\/bismarckserben.org\/aktuelles\/2021-07-22-ist-das-deutsche-reich-kein-bundesstaat\/#article\",\"isPartOf\":{\"@id\":\"https:\/\/bismarckserben.org\/aktuelles\/2021-07-22-ist-das-deutsche-reich-kein-bundesstaat\/\"},\"author\":{\"name\":\"Sascha171\",\"@id\":\"https:\/\/bismarckserben.org\/aktuelles\/#\/schema\/person\/9004856bcb989e4e4cabf5965a269de8\"},\"headline\":\"Ist das Deutsche Reich kein (Bundes)Staat?\",\"datePublished\":\"2021-07-22T09:59:31+00:00\",\"dateModified\":\"2021-07-23T20:41:29+00:00\",\"mainEntityOfPage\":{\"@id\":\"https:\/\/bismarckserben.org\/aktuelles\/2021-07-22-ist-das-deutsche-reich-kein-bundesstaat\/\"},\"wordCount\":443,\"commentCount\":2,\"publisher\":{\"@id\":\"https:\/\/bismarckserben.org\/aktuelles\/#organization\"},\"image\":{\"@id\":\"https:\/\/bismarckserben.org\/aktuelles\/2021-07-22-ist-das-deutsche-reich-kein-bundesstaat\/#primaryimage\"},\"thumbnailUrl\":\"https:\/\/bismarckserben.org\/aktuelles\/wp-content\/uploads\/2021\/07\/hoheitsgebiet.jpg\",\"keywords\":[\"Bundesstaat\",\"V\u00f6lkerrecht\"],\"articleSection\":[\"Feindpropaganda\"],\"inLanguage\":\"de\",\"potentialAction\":[{\"@type\":\"CommentAction\",\"name\":\"Comment\",\"target\":[\"https:\/\/bismarckserben.org\/aktuelles\/2021-07-22-ist-das-deutsche-reich-kein-bundesstaat\/#respond\"]}]},{\"@type\":\"WebPage\",\"@id\":\"https:\/\/bismarckserben.org\/aktuelles\/2021-07-22-ist-das-deutsche-reich-kein-bundesstaat\/\",\"url\":\"https:\/\/bismarckserben.org\/aktuelles\/2021-07-22-ist-das-deutsche-reich-kein-bundesstaat\/\",\"name\":\"Ist das Deutsche Reich kein (Bundes)Staat? - Bismarcks Erben.\",\"isPartOf\":{\"@id\":\"https:\/\/bismarckserben.org\/aktuelles\/#website\"},\"primaryImageOfPage\":{\"@id\":\"https:\/\/bismarckserben.org\/aktuelles\/2021-07-22-ist-das-deutsche-reich-kein-bundesstaat\/#primaryimage\"},\"image\":{\"@id\":\"https:\/\/bismarckserben.org\/aktuelles\/2021-07-22-ist-das-deutsche-reich-kein-bundesstaat\/#primaryimage\"},\"thumbnailUrl\":\"https:\/\/bismarckserben.org\/aktuelles\/wp-content\/uploads\/2021\/07\/hoheitsgebiet.jpg\",\"datePublished\":\"2021-07-22T09:59:31+00:00\",\"dateModified\":\"2021-07-23T20:41:29+00:00\",\"description\":\"Bismarcks Erben widerlegen die immer wiederkehrende Behauptung der Feindpropaganda, das Deutsche Reich sei kein Staat bzw. kein Bundesstaat.\",\"breadcrumb\":{\"@id\":\"https:\/\/bismarckserben.org\/aktuelles\/2021-07-22-ist-das-deutsche-reich-kein-bundesstaat\/#breadcrumb\"},\"inLanguage\":\"de\",\"potentialAction\":[{\"@type\":\"ReadAction\",\"target\":[\"https:\/\/bismarckserben.org\/aktuelles\/2021-07-22-ist-das-deutsche-reich-kein-bundesstaat\/\"]}]},{\"@type\":\"ImageObject\",\"inLanguage\":\"de\",\"@id\":\"https:\/\/bismarckserben.org\/aktuelles\/2021-07-22-ist-das-deutsche-reich-kein-bundesstaat\/#primaryimage\",\"url\":\"https:\/\/bismarckserben.org\/aktuelles\/wp-content\/uploads\/2021\/07\/hoheitsgebiet.jpg\",\"contentUrl\":\"https:\/\/bismarckserben.org\/aktuelles\/wp-content\/uploads\/2021\/07\/hoheitsgebiet.jpg\",\"width\":1200,\"height\":787},{\"@type\":\"BreadcrumbList\",\"@id\":\"https:\/\/bismarckserben.org\/aktuelles\/2021-07-22-ist-das-deutsche-reich-kein-bundesstaat\/#breadcrumb\",\"itemListElement\":[{\"@type\":\"ListItem\",\"position\":1,\"name\":\"Startseite\",\"item\":\"https:\/\/bismarckserben.org\/aktuelles\/\"},{\"@type\":\"ListItem\",\"position\":2,\"name\":\"Ist das Deutsche Reich kein (Bundes)Staat?\"}]},{\"@type\":\"WebSite\",\"@id\":\"https:\/\/bismarckserben.org\/aktuelles\/#website\",\"url\":\"https:\/\/bismarckserben.org\/aktuelles\/\",\"name\":\"Bismarcks Erben.\",\"description\":\"Reorganisation des deutschen Indigenats.\",\"publisher\":{\"@id\":\"https:\/\/bismarckserben.org\/aktuelles\/#organization\"},\"potentialAction\":[{\"@type\":\"SearchAction\",\"target\":{\"@type\":\"EntryPoint\",\"urlTemplate\":\"https:\/\/bismarckserben.org\/aktuelles\/?s={search_term_string}\"},\"query-input\":{\"@type\":\"PropertyValueSpecification\",\"valueRequired\":true,\"valueName\":\"search_term_string\"}}],\"inLanguage\":\"de\"},{\"@type\":\"Organization\",\"@id\":\"https:\/\/bismarckserben.org\/aktuelles\/#organization\",\"name\":\"Bismarcks Erben\",\"url\":\"https:\/\/bismarckserben.org\/aktuelles\/\",\"logo\":{\"@type\":\"ImageObject\",\"inLanguage\":\"de\",\"@id\":\"https:\/\/bismarckserben.org\/aktuelles\/#\/schema\/logo\/image\/\",\"url\":\"https:\/\/bismarckserben.org\/aktuelles\/wp-content\/uploads\/2020\/04\/logo-bismarcks-erben-120x150-1.png\",\"contentUrl\":\"https:\/\/bismarckserben.org\/aktuelles\/wp-content\/uploads\/2020\/04\/logo-bismarcks-erben-120x150-1.png\",\"width\":120,\"height\":150,\"caption\":\"Bismarcks Erben\"},\"image\":{\"@id\":\"https:\/\/bismarckserben.org\/aktuelles\/#\/schema\/logo\/image\/\"}},{\"@type\":\"Person\",\"@id\":\"https:\/\/bismarckserben.org\/aktuelles\/#\/schema\/person\/9004856bcb989e4e4cabf5965a269de8\",\"name\":\"Sascha171\",\"image\":{\"@type\":\"ImageObject\",\"inLanguage\":\"de\",\"@id\":\"https:\/\/bismarckserben.org\/aktuelles\/#\/schema\/person\/image\/\",\"url\":\"https:\/\/secure.gravatar.com\/avatar\/1e3f022cd8f681d14f459ffaa89a6798?s=96&d=mm&r=g\",\"contentUrl\":\"https:\/\/secure.gravatar.com\/avatar\/1e3f022cd8f681d14f459ffaa89a6798?s=96&d=mm&r=g\",\"caption\":\"Sascha171\"},\"url\":\"https:\/\/bismarckserben.org\/aktuelles\/author\/sascha171\/\"}]}<\/script>\n<!-- \/ Yoast SEO plugin. -->","yoast_head_json":{"title":"Ist das Deutsche Reich kein (Bundes)Staat? - Bismarcks Erben.","description":"Bismarcks Erben widerlegen die immer wiederkehrende Behauptung der Feindpropaganda, das Deutsche Reich sei kein Staat bzw. kein Bundesstaat.","robots":{"index":"index","follow":"follow","max-snippet":"max-snippet:-1","max-image-preview":"max-image-preview:large","max-video-preview":"max-video-preview:-1"},"canonical":"https:\/\/bismarckserben.org\/aktuelles\/2021-07-22-ist-das-deutsche-reich-kein-bundesstaat\/","og_locale":"de_DE","og_type":"article","og_title":"Ist das Deutsche Reich kein (Bundes)Staat? - Bismarcks Erben.","og_description":"Bismarcks Erben widerlegen die immer wiederkehrende Behauptung der Feindpropaganda, das Deutsche Reich sei kein Staat bzw. kein Bundesstaat.","og_url":"https:\/\/bismarckserben.org\/aktuelles\/2021-07-22-ist-das-deutsche-reich-kein-bundesstaat\/","og_site_name":"Bismarcks Erben.","article_published_time":"2021-07-22T09:59:31+00:00","article_modified_time":"2021-07-23T20:41:29+00:00","og_image":[{"width":1200,"height":787,"url":"https:\/\/bismarckserben.org\/aktuelles\/wp-content\/uploads\/2021\/07\/hoheitsgebiet.jpg","type":"image\/jpeg"}],"author":"Sascha171","twitter_card":"summary_large_image","twitter_misc":{"Verfasst von":"Sascha171","Gesch\u00e4tzte Lesezeit":"3\u00a0Minuten"},"schema":{"@context":"https:\/\/schema.org","@graph":[{"@type":"Article","@id":"https:\/\/bismarckserben.org\/aktuelles\/2021-07-22-ist-das-deutsche-reich-kein-bundesstaat\/#article","isPartOf":{"@id":"https:\/\/bismarckserben.org\/aktuelles\/2021-07-22-ist-das-deutsche-reich-kein-bundesstaat\/"},"author":{"name":"Sascha171","@id":"https:\/\/bismarckserben.org\/aktuelles\/#\/schema\/person\/9004856bcb989e4e4cabf5965a269de8"},"headline":"Ist das Deutsche Reich kein (Bundes)Staat?","datePublished":"2021-07-22T09:59:31+00:00","dateModified":"2021-07-23T20:41:29+00:00","mainEntityOfPage":{"@id":"https:\/\/bismarckserben.org\/aktuelles\/2021-07-22-ist-das-deutsche-reich-kein-bundesstaat\/"},"wordCount":443,"commentCount":2,"publisher":{"@id":"https:\/\/bismarckserben.org\/aktuelles\/#organization"},"image":{"@id":"https:\/\/bismarckserben.org\/aktuelles\/2021-07-22-ist-das-deutsche-reich-kein-bundesstaat\/#primaryimage"},"thumbnailUrl":"https:\/\/bismarckserben.org\/aktuelles\/wp-content\/uploads\/2021\/07\/hoheitsgebiet.jpg","keywords":["Bundesstaat","V\u00f6lkerrecht"],"articleSection":["Feindpropaganda"],"inLanguage":"de","potentialAction":[{"@type":"CommentAction","name":"Comment","target":["https:\/\/bismarckserben.org\/aktuelles\/2021-07-22-ist-das-deutsche-reich-kein-bundesstaat\/#respond"]}]},{"@type":"WebPage","@id":"https:\/\/bismarckserben.org\/aktuelles\/2021-07-22-ist-das-deutsche-reich-kein-bundesstaat\/","url":"https:\/\/bismarckserben.org\/aktuelles\/2021-07-22-ist-das-deutsche-reich-kein-bundesstaat\/","name":"Ist das Deutsche Reich kein (Bundes)Staat? - Bismarcks Erben.","isPartOf":{"@id":"https:\/\/bismarckserben.org\/aktuelles\/#website"},"primaryImageOfPage":{"@id":"https:\/\/bismarckserben.org\/aktuelles\/2021-07-22-ist-das-deutsche-reich-kein-bundesstaat\/#primaryimage"},"image":{"@id":"https:\/\/bismarckserben.org\/aktuelles\/2021-07-22-ist-das-deutsche-reich-kein-bundesstaat\/#primaryimage"},"thumbnailUrl":"https:\/\/bismarckserben.org\/aktuelles\/wp-content\/uploads\/2021\/07\/hoheitsgebiet.jpg","datePublished":"2021-07-22T09:59:31+00:00","dateModified":"2021-07-23T20:41:29+00:00","description":"Bismarcks Erben widerlegen die immer wiederkehrende Behauptung der Feindpropaganda, das Deutsche Reich sei kein Staat bzw. kein Bundesstaat.","breadcrumb":{"@id":"https:\/\/bismarckserben.org\/aktuelles\/2021-07-22-ist-das-deutsche-reich-kein-bundesstaat\/#breadcrumb"},"inLanguage":"de","potentialAction":[{"@type":"ReadAction","target":["https:\/\/bismarckserben.org\/aktuelles\/2021-07-22-ist-das-deutsche-reich-kein-bundesstaat\/"]}]},{"@type":"ImageObject","inLanguage":"de","@id":"https:\/\/bismarckserben.org\/aktuelles\/2021-07-22-ist-das-deutsche-reich-kein-bundesstaat\/#primaryimage","url":"https:\/\/bismarckserben.org\/aktuelles\/wp-content\/uploads\/2021\/07\/hoheitsgebiet.jpg","contentUrl":"https:\/\/bismarckserben.org\/aktuelles\/wp-content\/uploads\/2021\/07\/hoheitsgebiet.jpg","width":1200,"height":787},{"@type":"BreadcrumbList","@id":"https:\/\/bismarckserben.org\/aktuelles\/2021-07-22-ist-das-deutsche-reich-kein-bundesstaat\/#breadcrumb","itemListElement":[{"@type":"ListItem","position":1,"name":"Startseite","item":"https:\/\/bismarckserben.org\/aktuelles\/"},{"@type":"ListItem","position":2,"name":"Ist das Deutsche Reich kein (Bundes)Staat?"}]},{"@type":"WebSite","@id":"https:\/\/bismarckserben.org\/aktuelles\/#website","url":"https:\/\/bismarckserben.org\/aktuelles\/","name":"Bismarcks Erben.","description":"Reorganisation des deutschen Indigenats.","publisher":{"@id":"https:\/\/bismarckserben.org\/aktuelles\/#organization"},"potentialAction":[{"@type":"SearchAction","target":{"@type":"EntryPoint","urlTemplate":"https:\/\/bismarckserben.org\/aktuelles\/?s={search_term_string}"},"query-input":{"@type":"PropertyValueSpecification","valueRequired":true,"valueName":"search_term_string"}}],"inLanguage":"de"},{"@type":"Organization","@id":"https:\/\/bismarckserben.org\/aktuelles\/#organization","name":"Bismarcks Erben","url":"https:\/\/bismarckserben.org\/aktuelles\/","logo":{"@type":"ImageObject","inLanguage":"de","@id":"https:\/\/bismarckserben.org\/aktuelles\/#\/schema\/logo\/image\/","url":"https:\/\/bismarckserben.org\/aktuelles\/wp-content\/uploads\/2020\/04\/logo-bismarcks-erben-120x150-1.png","contentUrl":"https:\/\/bismarckserben.org\/aktuelles\/wp-content\/uploads\/2020\/04\/logo-bismarcks-erben-120x150-1.png","width":120,"height":150,"caption":"Bismarcks Erben"},"image":{"@id":"https:\/\/bismarckserben.org\/aktuelles\/#\/schema\/logo\/image\/"}},{"@type":"Person","@id":"https:\/\/bismarckserben.org\/aktuelles\/#\/schema\/person\/9004856bcb989e4e4cabf5965a269de8","name":"Sascha171","image":{"@type":"ImageObject","inLanguage":"de","@id":"https:\/\/bismarckserben.org\/aktuelles\/#\/schema\/person\/image\/","url":"https:\/\/secure.gravatar.com\/avatar\/1e3f022cd8f681d14f459ffaa89a6798?s=96&d=mm&r=g","contentUrl":"https:\/\/secure.gravatar.com\/avatar\/1e3f022cd8f681d14f459ffaa89a6798?s=96&d=mm&r=g","caption":"Sascha171"},"url":"https:\/\/bismarckserben.org\/aktuelles\/author\/sascha171\/"}]}},"_links":{"self":[{"href":"https:\/\/bismarckserben.org\/aktuelles\/wp-json\/wp\/v2\/posts\/656","targetHints":{"allow":["GET"]}}],"collection":[{"href":"https:\/\/bismarckserben.org\/aktuelles\/wp-json\/wp\/v2\/posts"}],"about":[{"href":"https:\/\/bismarckserben.org\/aktuelles\/wp-json\/wp\/v2\/types\/post"}],"author":[{"embeddable":true,"href":"https:\/\/bismarckserben.org\/aktuelles\/wp-json\/wp\/v2\/users\/1"}],"replies":[{"embeddable":true,"href":"https:\/\/bismarckserben.org\/aktuelles\/wp-json\/wp\/v2\/comments?post=656"}],"version-history":[{"count":4,"href":"https:\/\/bismarckserben.org\/aktuelles\/wp-json\/wp\/v2\/posts\/656\/revisions"}],"predecessor-version":[{"id":661,"href":"https:\/\/bismarckserben.org\/aktuelles\/wp-json\/wp\/v2\/posts\/656\/revisions\/661"}],"wp:featuredmedia":[{"embeddable":true,"href":"https:\/\/bismarckserben.org\/aktuelles\/wp-json\/wp\/v2\/media\/657"}],"wp:attachment":[{"href":"https:\/\/bismarckserben.org\/aktuelles\/wp-json\/wp\/v2\/media?parent=656"}],"wp:term":[{"taxonomy":"category","embeddable":true,"href":"https:\/\/bismarckserben.org\/aktuelles\/wp-json\/wp\/v2\/categories?post=656"},{"taxonomy":"post_tag","embeddable":true,"href":"https:\/\/bismarckserben.org\/aktuelles\/wp-json\/wp\/v2\/tags?post=656"}],"curies":[{"name":"wp","href":"https:\/\/api.w.org\/{rel}","templated":true}]}}