{"id":587,"date":"2021-03-01T00:24:47","date_gmt":"2021-02-28T23:24:47","guid":{"rendered":"https:\/\/bismarckserben.org\/aktuelles\/?p=587"},"modified":"2021-06-17T09:33:26","modified_gmt":"2021-06-17T07:33:26","slug":"private-reichsbank","status":"publish","type":"post","link":"https:\/\/bismarckserben.org\/aktuelles\/2021-03-01-private-reichsbank\/","title":{"rendered":"Private Reichsbank?"},"content":{"rendered":"<div id=\"attachment_588\" style=\"width: 690px\" class=\"wp-caption aligncenter\"><img loading=\"lazy\" decoding=\"async\" aria-describedby=\"caption-attachment-588\" class=\"size-full wp-image-588\" src=\"https:\/\/bismarckserben.org\/aktuelles\/wp-content\/uploads\/2021\/03\/Reichsbank_Berlin_1903.jpg\" alt=\"\" width=\"680\" height=\"600\" srcset=\"https:\/\/bismarckserben.org\/aktuelles\/wp-content\/uploads\/2021\/03\/Reichsbank_Berlin_1903.jpg 680w, https:\/\/bismarckserben.org\/aktuelles\/wp-content\/uploads\/2021\/03\/Reichsbank_Berlin_1903-300x265.jpg 300w, https:\/\/bismarckserben.org\/aktuelles\/wp-content\/uploads\/2021\/03\/Reichsbank_Berlin_1903-624x551.jpg 624w\" sizes=\"auto, (max-width: 680px) 100vw, 680px\" \/><p id=\"caption-attachment-588\" class=\"wp-caption-text\">Geb\u00e4ude der Reichsbank in Berlin<\/p><\/div>\n<blockquote><p><strong>Erschreckt hat mich aber, dass die Reichsbank damals bereits in privater Hand war und das Deutsche Reich lediglich beteiligt war.<\/strong><\/p><\/blockquote>\n<p>Behauptung der Feindpropaganda, verfochten von <a href=\"https:\/\/www.youtube.com\/watch?v=YasnW5qA4-8&amp;lc=UgwR1H87Dj0YMLXYlXR4AaABAg\" target=\"_blank\" rel=\"noopener\">MultiKnut007 auf yotube<\/a>.<\/p>\n<p><strong>Widerlegung:<\/strong><br \/>\nDie Reichsbank ist NICHT in privater Hand sondern sie ist eine staatliche Institution des Deutschen Reiches. Wissen ist auch hier eine Holschuld! Wer also alles \u00fcber die staatliche Kontrolle der Reichsbank erfahren m\u00f6chte, der liest im Laband &#8211; Staatsrecht des Deutschen Reiches, Band 3, \u00a7 75. <a href=\"https:\/\/bibliothek.ewigerbund.org\/?rcno_review=laband-paul-das-staatsrecht-des-deutschen-reiches-band-3-1913-5te-auflage&amp;seite=139\" target=\"_blank\" rel=\"noopener\">Das Bankwesen ab Seite ab 139<\/a> \u2192<\/p>\n<p>Kostprobe Laband S. 145:<br \/>\n<strong>Die Rolle des Direktors der Reichsbank ist dem Reichskanzler zugewiesen.<\/strong> Er leitet die gesamte Bankverwaltung innerhalb der Bestimmungen des Bankgesetzes und Statuts. Er erl\u00e4\u00dft die Gesch\u00e4ftsanweisungen f\u00fcr das Reichsbankdirektorium und f\u00fcr die Zweiganstalten, sowie die Dienstinstruktionen f\u00fcr die Beamten der Bank, und verf\u00fcgt die erforderlichen Ab\u00e4nderungen der bestehenden Gesch\u00e4ftsanweisungen (Reglements) und Dienstinstruktionen. Ist der Reichskanzler verhindert, so werden diese Befugnisse von einem Stellvertreter ausge\u00fcbt, den der Kaiser hierf\u00fcr ernennt. <strong>Alle f\u00fcr den Gesch\u00e4ftsbetrieb der Bank erforderlichen Beamten werden vom Reich ernannt<\/strong>, und wenn gleich dieselben auf Kosten der Bank ihre Besoldungen, Pensionen und sonstigen Dienstbez\u00fcge erhalten, so haben sie doch die <strong>Rechte und Pflichten der Reichsbeamten, sind also auch der Disziplinargewalt des Reiches unterworfen<\/strong>. Das vom Reich eingesetzte, dem Reichskanzler untergeordnete Reichsbankdirektorium hat die gesamte Gesch\u00e4ftsf\u00fchrung und die unbeschr\u00e4nkte Vertretungsbefugnis f\u00fcr die Reichsbank.<\/p>\n<p>Kostprobe Laband Seite 146:<br \/>\nEs besteht zwar eine <strong>Generalversammlung der Aktion\u00e4re der Reichsbank<\/strong>, welche \u00e4u\u00dferlich der Generalversammlung jedes anderen Aktienvereins v\u00f6llig gleichartig ist, deren rechtliche Befugnisse aber auf ein sehr geringf\u00fcgiges Ma\u00df herabgesetzt sind. Sie beschr\u00e4nken sich auf die Entgegennahme des j\u00e4hrlichen Verwaltungsberichts und die Wahl des Zentralausschusses.<\/p>\n<p><strong>Weder \u00fcber die Gesch\u00e4ftsleitung der Reichsbank noch \u00fcber die Verteilung der Dividende kann die Generalversammlung Beschl\u00fcsse fassen, welche f\u00fcr das Bankdirektorium verbindlich w\u00e4ren.<\/strong><\/p>\n<p><strong>Insbesondere aber ist die Generalversammlung nicht befugt, eine \u00c4nderung des Bankstatus zu beschlie\u00dfen.<\/strong><\/p>\n<p>Das Bankstatut ist vielmehr teils in dem Bankgesetz selbst enthalten, teils auf Grund des \u00a7 40 dieses Gesetzes vom Kaiser im Einvernehmen mit dem Bundesrat erlassen worden ; es kann daher auch <strong>nur abge\u00e4ndert werden durch Reichsgesetz<\/strong>, soweit es in der Form des Gesetzes ergangen ist, und durch kaiserliche, mit Zustimmung des Bundesrates erlassene Verordnung, soweit es in dieser Form erlassen ist.<\/p>\n","protected":false},"excerpt":{"rendered":"<p>Erschreckt hat mich aber, dass die Reichsbank damals bereits in privater Hand war und das Deutsche Reich lediglich beteiligt war. Behauptung der Feindpropaganda, verfochten von MultiKnut007 auf yotube. Widerlegung: Die&#8230; <a class=\"read-more-link\" href=\"https:\/\/bismarckserben.org\/aktuelles\/2021-03-01-private-reichsbank\/\">Read more &raquo;<\/a><\/p>\n","protected":false},"author":1,"featured_media":588,"comment_status":"open","ping_status":"open","sticky":false,"template":"","format":"standard","meta":{"footnotes":""},"categories":[68],"tags":[],"class_list":["post-587","post","type-post","status-publish","format-standard","has-post-thumbnail","hentry","category-feindpropaganda"],"yoast_head":"<!-- This site is optimized with the Yoast SEO plugin v24.3 - https:\/\/yoast.com\/wordpress\/plugins\/seo\/ -->\n<title>Private Reichsbank? in Feindpropaganda - Bismarcks Erben.<\/title>\n<meta name=\"description\" content=\"Der Behauptung der Feindpropaganda, die Reichsbank sei eine private Bank, wird anhand der gesetzliche Grundlagen leicht widerlegt.\" \/>\n<meta name=\"robots\" content=\"index, follow, max-snippet:-1, max-image-preview:large, max-video-preview:-1\" \/>\n<link rel=\"canonical\" href=\"https:\/\/bismarckserben.org\/aktuelles\/2021-03-01-private-reichsbank\/\" \/>\n<meta property=\"og:locale\" content=\"de_DE\" \/>\n<meta property=\"og:type\" content=\"article\" \/>\n<meta property=\"og:title\" content=\"Private Reichsbank? in Feindpropaganda - Bismarcks Erben.\" \/>\n<meta property=\"og:description\" content=\"Der Behauptung der Feindpropaganda, die Reichsbank sei eine private Bank, wird anhand der gesetzliche Grundlagen leicht widerlegt.\" \/>\n<meta property=\"og:url\" content=\"https:\/\/bismarckserben.org\/aktuelles\/2021-03-01-private-reichsbank\/\" \/>\n<meta property=\"og:site_name\" content=\"Bismarcks Erben.\" \/>\n<meta property=\"article:published_time\" content=\"2021-02-28T23:24:47+00:00\" \/>\n<meta property=\"article:modified_time\" content=\"2021-06-17T07:33:26+00:00\" \/>\n<meta property=\"og:image\" content=\"https:\/\/bismarckserben.org\/aktuelles\/wp-content\/uploads\/2021\/03\/Reichsbank_Berlin_1903.jpg\" \/>\n\t<meta property=\"og:image:width\" content=\"680\" \/>\n\t<meta property=\"og:image:height\" content=\"600\" \/>\n\t<meta property=\"og:image:type\" content=\"image\/jpeg\" \/>\n<meta name=\"author\" content=\"Sascha171\" \/>\n<meta name=\"twitter:card\" content=\"summary_large_image\" \/>\n<meta name=\"twitter:label1\" content=\"Verfasst von\" \/>\n\t<meta name=\"twitter:data1\" content=\"Sascha171\" \/>\n\t<meta name=\"twitter:label2\" content=\"Gesch\u00e4tzte Lesezeit\" \/>\n\t<meta name=\"twitter:data2\" content=\"2\u00a0Minuten\" \/>\n<script type=\"application\/ld+json\" class=\"yoast-schema-graph\">{\"@context\":\"https:\/\/schema.org\",\"@graph\":[{\"@type\":\"Article\",\"@id\":\"https:\/\/bismarckserben.org\/aktuelles\/2021-03-01-private-reichsbank\/#article\",\"isPartOf\":{\"@id\":\"https:\/\/bismarckserben.org\/aktuelles\/2021-03-01-private-reichsbank\/\"},\"author\":{\"name\":\"Sascha171\",\"@id\":\"https:\/\/bismarckserben.org\/aktuelles\/#\/schema\/person\/9004856bcb989e4e4cabf5965a269de8\"},\"headline\":\"Private Reichsbank?\",\"datePublished\":\"2021-02-28T23:24:47+00:00\",\"dateModified\":\"2021-06-17T07:33:26+00:00\",\"mainEntityOfPage\":{\"@id\":\"https:\/\/bismarckserben.org\/aktuelles\/2021-03-01-private-reichsbank\/\"},\"wordCount\":400,\"commentCount\":2,\"publisher\":{\"@id\":\"https:\/\/bismarckserben.org\/aktuelles\/#organization\"},\"image\":{\"@id\":\"https:\/\/bismarckserben.org\/aktuelles\/2021-03-01-private-reichsbank\/#primaryimage\"},\"thumbnailUrl\":\"https:\/\/bismarckserben.org\/aktuelles\/wp-content\/uploads\/2021\/03\/Reichsbank_Berlin_1903.jpg\",\"articleSection\":[\"Feindpropaganda\"],\"inLanguage\":\"de\",\"potentialAction\":[{\"@type\":\"CommentAction\",\"name\":\"Comment\",\"target\":[\"https:\/\/bismarckserben.org\/aktuelles\/2021-03-01-private-reichsbank\/#respond\"]}]},{\"@type\":\"WebPage\",\"@id\":\"https:\/\/bismarckserben.org\/aktuelles\/2021-03-01-private-reichsbank\/\",\"url\":\"https:\/\/bismarckserben.org\/aktuelles\/2021-03-01-private-reichsbank\/\",\"name\":\"Private Reichsbank? in Feindpropaganda - Bismarcks Erben.\",\"isPartOf\":{\"@id\":\"https:\/\/bismarckserben.org\/aktuelles\/#website\"},\"primaryImageOfPage\":{\"@id\":\"https:\/\/bismarckserben.org\/aktuelles\/2021-03-01-private-reichsbank\/#primaryimage\"},\"image\":{\"@id\":\"https:\/\/bismarckserben.org\/aktuelles\/2021-03-01-private-reichsbank\/#primaryimage\"},\"thumbnailUrl\":\"https:\/\/bismarckserben.org\/aktuelles\/wp-content\/uploads\/2021\/03\/Reichsbank_Berlin_1903.jpg\",\"datePublished\":\"2021-02-28T23:24:47+00:00\",\"dateModified\":\"2021-06-17T07:33:26+00:00\",\"description\":\"Der Behauptung der Feindpropaganda, die Reichsbank sei eine private Bank, wird anhand der gesetzliche Grundlagen leicht widerlegt.\",\"breadcrumb\":{\"@id\":\"https:\/\/bismarckserben.org\/aktuelles\/2021-03-01-private-reichsbank\/#breadcrumb\"},\"inLanguage\":\"de\",\"potentialAction\":[{\"@type\":\"ReadAction\",\"target\":[\"https:\/\/bismarckserben.org\/aktuelles\/2021-03-01-private-reichsbank\/\"]}]},{\"@type\":\"ImageObject\",\"inLanguage\":\"de\",\"@id\":\"https:\/\/bismarckserben.org\/aktuelles\/2021-03-01-private-reichsbank\/#primaryimage\",\"url\":\"https:\/\/bismarckserben.org\/aktuelles\/wp-content\/uploads\/2021\/03\/Reichsbank_Berlin_1903.jpg\",\"contentUrl\":\"https:\/\/bismarckserben.org\/aktuelles\/wp-content\/uploads\/2021\/03\/Reichsbank_Berlin_1903.jpg\",\"width\":680,\"height\":600,\"caption\":\"Geb\u00e4ude der Reichsbank in Berlin\"},{\"@type\":\"BreadcrumbList\",\"@id\":\"https:\/\/bismarckserben.org\/aktuelles\/2021-03-01-private-reichsbank\/#breadcrumb\",\"itemListElement\":[{\"@type\":\"ListItem\",\"position\":1,\"name\":\"Startseite\",\"item\":\"https:\/\/bismarckserben.org\/aktuelles\/\"},{\"@type\":\"ListItem\",\"position\":2,\"name\":\"Private Reichsbank?\"}]},{\"@type\":\"WebSite\",\"@id\":\"https:\/\/bismarckserben.org\/aktuelles\/#website\",\"url\":\"https:\/\/bismarckserben.org\/aktuelles\/\",\"name\":\"Bismarcks Erben.\",\"description\":\"Reorganisation des deutschen Indigenats.\",\"publisher\":{\"@id\":\"https:\/\/bismarckserben.org\/aktuelles\/#organization\"},\"potentialAction\":[{\"@type\":\"SearchAction\",\"target\":{\"@type\":\"EntryPoint\",\"urlTemplate\":\"https:\/\/bismarckserben.org\/aktuelles\/?s={search_term_string}\"},\"query-input\":{\"@type\":\"PropertyValueSpecification\",\"valueRequired\":true,\"valueName\":\"search_term_string\"}}],\"inLanguage\":\"de\"},{\"@type\":\"Organization\",\"@id\":\"https:\/\/bismarckserben.org\/aktuelles\/#organization\",\"name\":\"Bismarcks Erben\",\"url\":\"https:\/\/bismarckserben.org\/aktuelles\/\",\"logo\":{\"@type\":\"ImageObject\",\"inLanguage\":\"de\",\"@id\":\"https:\/\/bismarckserben.org\/aktuelles\/#\/schema\/logo\/image\/\",\"url\":\"https:\/\/bismarckserben.org\/aktuelles\/wp-content\/uploads\/2020\/04\/logo-bismarcks-erben-120x150-1.png\",\"contentUrl\":\"https:\/\/bismarckserben.org\/aktuelles\/wp-content\/uploads\/2020\/04\/logo-bismarcks-erben-120x150-1.png\",\"width\":120,\"height\":150,\"caption\":\"Bismarcks Erben\"},\"image\":{\"@id\":\"https:\/\/bismarckserben.org\/aktuelles\/#\/schema\/logo\/image\/\"}},{\"@type\":\"Person\",\"@id\":\"https:\/\/bismarckserben.org\/aktuelles\/#\/schema\/person\/9004856bcb989e4e4cabf5965a269de8\",\"name\":\"Sascha171\",\"image\":{\"@type\":\"ImageObject\",\"inLanguage\":\"de\",\"@id\":\"https:\/\/bismarckserben.org\/aktuelles\/#\/schema\/person\/image\/\",\"url\":\"https:\/\/secure.gravatar.com\/avatar\/1e3f022cd8f681d14f459ffaa89a6798?s=96&d=mm&r=g\",\"contentUrl\":\"https:\/\/secure.gravatar.com\/avatar\/1e3f022cd8f681d14f459ffaa89a6798?s=96&d=mm&r=g\",\"caption\":\"Sascha171\"},\"url\":\"https:\/\/bismarckserben.org\/aktuelles\/author\/sascha171\/\"}]}<\/script>\n<!-- \/ Yoast SEO plugin. -->","yoast_head_json":{"title":"Private Reichsbank? in Feindpropaganda - Bismarcks Erben.","description":"Der Behauptung der Feindpropaganda, die Reichsbank sei eine private Bank, wird anhand der gesetzliche Grundlagen leicht widerlegt.","robots":{"index":"index","follow":"follow","max-snippet":"max-snippet:-1","max-image-preview":"max-image-preview:large","max-video-preview":"max-video-preview:-1"},"canonical":"https:\/\/bismarckserben.org\/aktuelles\/2021-03-01-private-reichsbank\/","og_locale":"de_DE","og_type":"article","og_title":"Private Reichsbank? in Feindpropaganda - Bismarcks Erben.","og_description":"Der Behauptung der Feindpropaganda, die Reichsbank sei eine private Bank, wird anhand der gesetzliche Grundlagen leicht widerlegt.","og_url":"https:\/\/bismarckserben.org\/aktuelles\/2021-03-01-private-reichsbank\/","og_site_name":"Bismarcks Erben.","article_published_time":"2021-02-28T23:24:47+00:00","article_modified_time":"2021-06-17T07:33:26+00:00","og_image":[{"width":680,"height":600,"url":"https:\/\/bismarckserben.org\/aktuelles\/wp-content\/uploads\/2021\/03\/Reichsbank_Berlin_1903.jpg","type":"image\/jpeg"}],"author":"Sascha171","twitter_card":"summary_large_image","twitter_misc":{"Verfasst von":"Sascha171","Gesch\u00e4tzte Lesezeit":"2\u00a0Minuten"},"schema":{"@context":"https:\/\/schema.org","@graph":[{"@type":"Article","@id":"https:\/\/bismarckserben.org\/aktuelles\/2021-03-01-private-reichsbank\/#article","isPartOf":{"@id":"https:\/\/bismarckserben.org\/aktuelles\/2021-03-01-private-reichsbank\/"},"author":{"name":"Sascha171","@id":"https:\/\/bismarckserben.org\/aktuelles\/#\/schema\/person\/9004856bcb989e4e4cabf5965a269de8"},"headline":"Private Reichsbank?","datePublished":"2021-02-28T23:24:47+00:00","dateModified":"2021-06-17T07:33:26+00:00","mainEntityOfPage":{"@id":"https:\/\/bismarckserben.org\/aktuelles\/2021-03-01-private-reichsbank\/"},"wordCount":400,"commentCount":2,"publisher":{"@id":"https:\/\/bismarckserben.org\/aktuelles\/#organization"},"image":{"@id":"https:\/\/bismarckserben.org\/aktuelles\/2021-03-01-private-reichsbank\/#primaryimage"},"thumbnailUrl":"https:\/\/bismarckserben.org\/aktuelles\/wp-content\/uploads\/2021\/03\/Reichsbank_Berlin_1903.jpg","articleSection":["Feindpropaganda"],"inLanguage":"de","potentialAction":[{"@type":"CommentAction","name":"Comment","target":["https:\/\/bismarckserben.org\/aktuelles\/2021-03-01-private-reichsbank\/#respond"]}]},{"@type":"WebPage","@id":"https:\/\/bismarckserben.org\/aktuelles\/2021-03-01-private-reichsbank\/","url":"https:\/\/bismarckserben.org\/aktuelles\/2021-03-01-private-reichsbank\/","name":"Private Reichsbank? in Feindpropaganda - Bismarcks Erben.","isPartOf":{"@id":"https:\/\/bismarckserben.org\/aktuelles\/#website"},"primaryImageOfPage":{"@id":"https:\/\/bismarckserben.org\/aktuelles\/2021-03-01-private-reichsbank\/#primaryimage"},"image":{"@id":"https:\/\/bismarckserben.org\/aktuelles\/2021-03-01-private-reichsbank\/#primaryimage"},"thumbnailUrl":"https:\/\/bismarckserben.org\/aktuelles\/wp-content\/uploads\/2021\/03\/Reichsbank_Berlin_1903.jpg","datePublished":"2021-02-28T23:24:47+00:00","dateModified":"2021-06-17T07:33:26+00:00","description":"Der Behauptung der Feindpropaganda, die Reichsbank sei eine private Bank, wird anhand der gesetzliche Grundlagen leicht widerlegt.","breadcrumb":{"@id":"https:\/\/bismarckserben.org\/aktuelles\/2021-03-01-private-reichsbank\/#breadcrumb"},"inLanguage":"de","potentialAction":[{"@type":"ReadAction","target":["https:\/\/bismarckserben.org\/aktuelles\/2021-03-01-private-reichsbank\/"]}]},{"@type":"ImageObject","inLanguage":"de","@id":"https:\/\/bismarckserben.org\/aktuelles\/2021-03-01-private-reichsbank\/#primaryimage","url":"https:\/\/bismarckserben.org\/aktuelles\/wp-content\/uploads\/2021\/03\/Reichsbank_Berlin_1903.jpg","contentUrl":"https:\/\/bismarckserben.org\/aktuelles\/wp-content\/uploads\/2021\/03\/Reichsbank_Berlin_1903.jpg","width":680,"height":600,"caption":"Geb\u00e4ude der Reichsbank in Berlin"},{"@type":"BreadcrumbList","@id":"https:\/\/bismarckserben.org\/aktuelles\/2021-03-01-private-reichsbank\/#breadcrumb","itemListElement":[{"@type":"ListItem","position":1,"name":"Startseite","item":"https:\/\/bismarckserben.org\/aktuelles\/"},{"@type":"ListItem","position":2,"name":"Private Reichsbank?"}]},{"@type":"WebSite","@id":"https:\/\/bismarckserben.org\/aktuelles\/#website","url":"https:\/\/bismarckserben.org\/aktuelles\/","name":"Bismarcks Erben.","description":"Reorganisation des deutschen Indigenats.","publisher":{"@id":"https:\/\/bismarckserben.org\/aktuelles\/#organization"},"potentialAction":[{"@type":"SearchAction","target":{"@type":"EntryPoint","urlTemplate":"https:\/\/bismarckserben.org\/aktuelles\/?s={search_term_string}"},"query-input":{"@type":"PropertyValueSpecification","valueRequired":true,"valueName":"search_term_string"}}],"inLanguage":"de"},{"@type":"Organization","@id":"https:\/\/bismarckserben.org\/aktuelles\/#organization","name":"Bismarcks Erben","url":"https:\/\/bismarckserben.org\/aktuelles\/","logo":{"@type":"ImageObject","inLanguage":"de","@id":"https:\/\/bismarckserben.org\/aktuelles\/#\/schema\/logo\/image\/","url":"https:\/\/bismarckserben.org\/aktuelles\/wp-content\/uploads\/2020\/04\/logo-bismarcks-erben-120x150-1.png","contentUrl":"https:\/\/bismarckserben.org\/aktuelles\/wp-content\/uploads\/2020\/04\/logo-bismarcks-erben-120x150-1.png","width":120,"height":150,"caption":"Bismarcks Erben"},"image":{"@id":"https:\/\/bismarckserben.org\/aktuelles\/#\/schema\/logo\/image\/"}},{"@type":"Person","@id":"https:\/\/bismarckserben.org\/aktuelles\/#\/schema\/person\/9004856bcb989e4e4cabf5965a269de8","name":"Sascha171","image":{"@type":"ImageObject","inLanguage":"de","@id":"https:\/\/bismarckserben.org\/aktuelles\/#\/schema\/person\/image\/","url":"https:\/\/secure.gravatar.com\/avatar\/1e3f022cd8f681d14f459ffaa89a6798?s=96&d=mm&r=g","contentUrl":"https:\/\/secure.gravatar.com\/avatar\/1e3f022cd8f681d14f459ffaa89a6798?s=96&d=mm&r=g","caption":"Sascha171"},"url":"https:\/\/bismarckserben.org\/aktuelles\/author\/sascha171\/"}]}},"_links":{"self":[{"href":"https:\/\/bismarckserben.org\/aktuelles\/wp-json\/wp\/v2\/posts\/587","targetHints":{"allow":["GET"]}}],"collection":[{"href":"https:\/\/bismarckserben.org\/aktuelles\/wp-json\/wp\/v2\/posts"}],"about":[{"href":"https:\/\/bismarckserben.org\/aktuelles\/wp-json\/wp\/v2\/types\/post"}],"author":[{"embeddable":true,"href":"https:\/\/bismarckserben.org\/aktuelles\/wp-json\/wp\/v2\/users\/1"}],"replies":[{"embeddable":true,"href":"https:\/\/bismarckserben.org\/aktuelles\/wp-json\/wp\/v2\/comments?post=587"}],"version-history":[{"count":2,"href":"https:\/\/bismarckserben.org\/aktuelles\/wp-json\/wp\/v2\/posts\/587\/revisions"}],"predecessor-version":[{"id":608,"href":"https:\/\/bismarckserben.org\/aktuelles\/wp-json\/wp\/v2\/posts\/587\/revisions\/608"}],"wp:featuredmedia":[{"embeddable":true,"href":"https:\/\/bismarckserben.org\/aktuelles\/wp-json\/wp\/v2\/media\/588"}],"wp:attachment":[{"href":"https:\/\/bismarckserben.org\/aktuelles\/wp-json\/wp\/v2\/media?parent=587"}],"wp:term":[{"taxonomy":"category","embeddable":true,"href":"https:\/\/bismarckserben.org\/aktuelles\/wp-json\/wp\/v2\/categories?post=587"},{"taxonomy":"post_tag","embeddable":true,"href":"https:\/\/bismarckserben.org\/aktuelles\/wp-json\/wp\/v2\/tags?post=587"}],"curies":[{"name":"wp","href":"https:\/\/api.w.org\/{rel}","templated":true}]}}