{"id":583,"date":"2021-02-28T13:46:16","date_gmt":"2021-02-28T12:46:16","guid":{"rendered":"https:\/\/bismarckserben.org\/aktuelles\/?p=583"},"modified":"2021-06-17T09:33:37","modified_gmt":"2021-06-17T07:33:37","slug":"deutsches-reich-inc","status":"publish","type":"post","link":"https:\/\/bismarckserben.org\/aktuelles\/2021-02-28-deutsches-reich-inc\/","title":{"rendered":"Deutsches Reich Inc.?"},"content":{"rendered":"<blockquote><p><strong>Das Deutsche Reich ist eine Firma, n\u00e4mlich die Firma &#8222;Deutsches Reich Inc.&#8220; (Handelsregisternummer 5959295 DE).<\/strong><\/p><\/blockquote>\n<p>Behauptung der Feindpropanda, verfochten durch <a id=\"author-text\" class=\"yt-simple-endpoint style-scope ytd-comment-renderer\" href=\"https:\/\/www.youtube.com\/watch?v=YasnW5qA4-8&amp;lc=UgzLpYHUK4iO8k46N_l4AaABAg\">Silvio Gl\u00fccklich auf youtube<\/a><\/p>\n<p><strong>Widerlegung:<\/strong><br \/>\nIn der Pr\u00e4ambel der Reichsverfassung hei\u00dft es &#8222;Dieser Bund wird den Namen Deutsches Reich f\u00fchren.&#8220; Dort steht nicht: &#8222;Dieser Bund wird den Namen Deutsches Reich Inc. f\u00fchren.&#8220;<\/p>\n<p>Die Firma &#8222;Deutsches Reich Inc.&#8220; wurde am 9. Februar 2016 im US-Bundesstaat Delaware gegr\u00fcndet. Im Jahr 1973 hat das Bundesverfassungsgericht unter dem Aktenzeichen 2 BvF 1\/73 festgestellt, da\u00df das Deutsche Deutsche Reich mangels institutionalisierter Organe handlungsunf\u00e4hig ist. Daraus folgt, da\u00df im Jahr 2016 kein legitimer Vertreter des Deutschen Reiches vorhanden gewesen sein kann um diese Eintragung vorzunehmen.<\/p>\n<p>Der &#8222;registred agent&#8220; der Deutsches Reich Inc. ist das Unternehmen &#8222;The Company Corporation&#8220;, das ebenfalls im US-Bundesstaat Delaware ans\u00e4ssig ist, wie aus folgenden Belegen hervorgeht:<\/p>\n<p><a href=\"https:\/\/bismarckserben.org\/aktuelles\/wp-content\/uploads\/2021\/02\/DE-entity-details-deutsches-reich-inc.jpg\"><img loading=\"lazy\" decoding=\"async\" class=\"alignleft wp-image-584 size-medium\" src=\"https:\/\/bismarckserben.org\/aktuelles\/wp-content\/uploads\/2021\/02\/DE-entity-details-deutsches-reich-inc-164x300.jpg\" alt=\"\" width=\"164\" height=\"300\" srcset=\"https:\/\/bismarckserben.org\/aktuelles\/wp-content\/uploads\/2021\/02\/DE-entity-details-deutsches-reich-inc-164x300.jpg 164w, https:\/\/bismarckserben.org\/aktuelles\/wp-content\/uploads\/2021\/02\/DE-entity-details-deutsches-reich-inc-561x1024.jpg 561w, https:\/\/bismarckserben.org\/aktuelles\/wp-content\/uploads\/2021\/02\/DE-entity-details-deutsches-reich-inc-624x1139.jpg 624w, https:\/\/bismarckserben.org\/aktuelles\/wp-content\/uploads\/2021\/02\/DE-entity-details-deutsches-reich-inc.jpg 701w\" sizes=\"auto, (max-width: 164px) 100vw, 164px\" \/><\/a> <a href=\"https:\/\/bismarckserben.org\/aktuelles\/wp-content\/uploads\/2021\/02\/dub-the-company-corporation.jpg\"><img loading=\"lazy\" decoding=\"async\" class=\"alignnone wp-image-585 size-medium\" src=\"https:\/\/bismarckserben.org\/aktuelles\/wp-content\/uploads\/2021\/02\/dub-the-company-corporation-163x300.jpg\" alt=\"\" width=\"163\" height=\"300\" srcset=\"https:\/\/bismarckserben.org\/aktuelles\/wp-content\/uploads\/2021\/02\/dub-the-company-corporation-163x300.jpg 163w, https:\/\/bismarckserben.org\/aktuelles\/wp-content\/uploads\/2021\/02\/dub-the-company-corporation-556x1024.jpg 556w, https:\/\/bismarckserben.org\/aktuelles\/wp-content\/uploads\/2021\/02\/dub-the-company-corporation-624x1149.jpg 624w, https:\/\/bismarckserben.org\/aktuelles\/wp-content\/uploads\/2021\/02\/dub-the-company-corporation.jpg 695w\" sizes=\"auto, (max-width: 163px) 100vw, 163px\" \/><\/a><\/p>\n<p>Da\u00df das Deutsche Reich kein handelsrechtliches sondern ein v\u00f6lkerrechtliches Rechtssubjekt ist, haben wir in unserem Artikel <a href=\"https:\/\/bismarckserben.org\/aktuelles\/2018-09-11-klarstellung-voelkerrechtssubjekt-deutsches-reich\/\">Klarstellung: V\u00f6lkerrechtssubjekt Deutsches Reich<\/a> bereits dargelegt.<\/p>\n","protected":false},"excerpt":{"rendered":"<p>Das Deutsche Reich ist eine Firma, n\u00e4mlich die Firma &#8222;Deutsches Reich Inc.&#8220; (Handelsregisternummer 5959295 DE). Behauptung der Feindpropanda, verfochten durch Silvio Gl\u00fccklich auf youtube Widerlegung: In der Pr\u00e4ambel der Reichsverfassung&#8230; <a class=\"read-more-link\" href=\"https:\/\/bismarckserben.org\/aktuelles\/2021-02-28-deutsches-reich-inc\/\">Read more &raquo;<\/a><\/p>\n","protected":false},"author":1,"featured_media":0,"comment_status":"open","ping_status":"open","sticky":false,"template":"","format":"standard","meta":{"footnotes":""},"categories":[68],"tags":[],"class_list":["post-583","post","type-post","status-publish","format-standard","hentry","category-feindpropaganda"],"yoast_head":"<!-- This site is optimized with the Yoast SEO plugin v24.3 - https:\/\/yoast.com\/wordpress\/plugins\/seo\/ -->\n<title>Deutsches Reich Inc.? in Feindpropaganda - Bismarcks Erben.<\/title>\n<meta name=\"description\" content=\"Silvio behauptet, das Deutsche Reich sei eine in Delaware ans\u00e4ssige Firma &quot;Deutsches Reich Inc.&quot;. Hier die Widerlegung mit Belegen.\" \/>\n<meta name=\"robots\" content=\"index, follow, max-snippet:-1, max-image-preview:large, max-video-preview:-1\" \/>\n<link rel=\"canonical\" href=\"https:\/\/bismarckserben.org\/aktuelles\/2021-02-28-deutsches-reich-inc\/\" \/>\n<meta property=\"og:locale\" content=\"de_DE\" \/>\n<meta property=\"og:type\" content=\"article\" \/>\n<meta property=\"og:title\" content=\"Deutsches Reich Inc.? in Feindpropaganda - Bismarcks Erben.\" \/>\n<meta property=\"og:description\" content=\"Silvio behauptet, das Deutsche Reich sei eine in Delaware ans\u00e4ssige Firma &quot;Deutsches Reich Inc.&quot;. Hier die Widerlegung mit Belegen.\" \/>\n<meta property=\"og:url\" content=\"https:\/\/bismarckserben.org\/aktuelles\/2021-02-28-deutsches-reich-inc\/\" \/>\n<meta property=\"og:site_name\" content=\"Bismarcks Erben.\" \/>\n<meta property=\"article:published_time\" content=\"2021-02-28T12:46:16+00:00\" \/>\n<meta property=\"article:modified_time\" content=\"2021-06-17T07:33:37+00:00\" \/>\n<meta property=\"og:image\" content=\"https:\/\/bismarckserben.org\/aktuelles\/wp-content\/uploads\/2021\/02\/DE-entity-details-deutsches-reich-inc-164x300.jpg\" \/>\n<meta name=\"author\" content=\"Sascha171\" \/>\n<meta name=\"twitter:card\" content=\"summary_large_image\" \/>\n<meta name=\"twitter:label1\" content=\"Verfasst von\" \/>\n\t<meta name=\"twitter:data1\" content=\"Sascha171\" \/>\n\t<meta name=\"twitter:label2\" content=\"Gesch\u00e4tzte Lesezeit\" \/>\n\t<meta name=\"twitter:data2\" content=\"2\u00a0Minuten\" \/>\n<script type=\"application\/ld+json\" class=\"yoast-schema-graph\">{\"@context\":\"https:\/\/schema.org\",\"@graph\":[{\"@type\":\"Article\",\"@id\":\"https:\/\/bismarckserben.org\/aktuelles\/2021-02-28-deutsches-reich-inc\/#article\",\"isPartOf\":{\"@id\":\"https:\/\/bismarckserben.org\/aktuelles\/2021-02-28-deutsches-reich-inc\/\"},\"author\":{\"name\":\"Sascha171\",\"@id\":\"https:\/\/bismarckserben.org\/aktuelles\/#\/schema\/person\/9004856bcb989e4e4cabf5965a269de8\"},\"headline\":\"Deutsches Reich Inc.?\",\"datePublished\":\"2021-02-28T12:46:16+00:00\",\"dateModified\":\"2021-06-17T07:33:37+00:00\",\"mainEntityOfPage\":{\"@id\":\"https:\/\/bismarckserben.org\/aktuelles\/2021-02-28-deutsches-reich-inc\/\"},\"wordCount\":163,\"commentCount\":1,\"publisher\":{\"@id\":\"https:\/\/bismarckserben.org\/aktuelles\/#organization\"},\"image\":{\"@id\":\"https:\/\/bismarckserben.org\/aktuelles\/2021-02-28-deutsches-reich-inc\/#primaryimage\"},\"thumbnailUrl\":\"https:\/\/bismarckserben.org\/aktuelles\/wp-content\/uploads\/2021\/02\/DE-entity-details-deutsches-reich-inc-164x300.jpg\",\"articleSection\":[\"Feindpropaganda\"],\"inLanguage\":\"de\",\"potentialAction\":[{\"@type\":\"CommentAction\",\"name\":\"Comment\",\"target\":[\"https:\/\/bismarckserben.org\/aktuelles\/2021-02-28-deutsches-reich-inc\/#respond\"]}]},{\"@type\":\"WebPage\",\"@id\":\"https:\/\/bismarckserben.org\/aktuelles\/2021-02-28-deutsches-reich-inc\/\",\"url\":\"https:\/\/bismarckserben.org\/aktuelles\/2021-02-28-deutsches-reich-inc\/\",\"name\":\"Deutsches Reich Inc.? in Feindpropaganda - Bismarcks Erben.\",\"isPartOf\":{\"@id\":\"https:\/\/bismarckserben.org\/aktuelles\/#website\"},\"primaryImageOfPage\":{\"@id\":\"https:\/\/bismarckserben.org\/aktuelles\/2021-02-28-deutsches-reich-inc\/#primaryimage\"},\"image\":{\"@id\":\"https:\/\/bismarckserben.org\/aktuelles\/2021-02-28-deutsches-reich-inc\/#primaryimage\"},\"thumbnailUrl\":\"https:\/\/bismarckserben.org\/aktuelles\/wp-content\/uploads\/2021\/02\/DE-entity-details-deutsches-reich-inc-164x300.jpg\",\"datePublished\":\"2021-02-28T12:46:16+00:00\",\"dateModified\":\"2021-06-17T07:33:37+00:00\",\"description\":\"Silvio behauptet, das Deutsche Reich sei eine in Delaware ans\u00e4ssige Firma \\\"Deutsches Reich Inc.\\\". Hier die Widerlegung mit Belegen.\",\"breadcrumb\":{\"@id\":\"https:\/\/bismarckserben.org\/aktuelles\/2021-02-28-deutsches-reich-inc\/#breadcrumb\"},\"inLanguage\":\"de\",\"potentialAction\":[{\"@type\":\"ReadAction\",\"target\":[\"https:\/\/bismarckserben.org\/aktuelles\/2021-02-28-deutsches-reich-inc\/\"]}]},{\"@type\":\"ImageObject\",\"inLanguage\":\"de\",\"@id\":\"https:\/\/bismarckserben.org\/aktuelles\/2021-02-28-deutsches-reich-inc\/#primaryimage\",\"url\":\"https:\/\/bismarckserben.org\/aktuelles\/wp-content\/uploads\/2021\/02\/DE-entity-details-deutsches-reich-inc.jpg\",\"contentUrl\":\"https:\/\/bismarckserben.org\/aktuelles\/wp-content\/uploads\/2021\/02\/DE-entity-details-deutsches-reich-inc.jpg\",\"width\":701,\"height\":1280},{\"@type\":\"BreadcrumbList\",\"@id\":\"https:\/\/bismarckserben.org\/aktuelles\/2021-02-28-deutsches-reich-inc\/#breadcrumb\",\"itemListElement\":[{\"@type\":\"ListItem\",\"position\":1,\"name\":\"Startseite\",\"item\":\"https:\/\/bismarckserben.org\/aktuelles\/\"},{\"@type\":\"ListItem\",\"position\":2,\"name\":\"Deutsches Reich Inc.?\"}]},{\"@type\":\"WebSite\",\"@id\":\"https:\/\/bismarckserben.org\/aktuelles\/#website\",\"url\":\"https:\/\/bismarckserben.org\/aktuelles\/\",\"name\":\"Bismarcks Erben.\",\"description\":\"Reorganisation des deutschen Indigenats.\",\"publisher\":{\"@id\":\"https:\/\/bismarckserben.org\/aktuelles\/#organization\"},\"potentialAction\":[{\"@type\":\"SearchAction\",\"target\":{\"@type\":\"EntryPoint\",\"urlTemplate\":\"https:\/\/bismarckserben.org\/aktuelles\/?s={search_term_string}\"},\"query-input\":{\"@type\":\"PropertyValueSpecification\",\"valueRequired\":true,\"valueName\":\"search_term_string\"}}],\"inLanguage\":\"de\"},{\"@type\":\"Organization\",\"@id\":\"https:\/\/bismarckserben.org\/aktuelles\/#organization\",\"name\":\"Bismarcks Erben\",\"url\":\"https:\/\/bismarckserben.org\/aktuelles\/\",\"logo\":{\"@type\":\"ImageObject\",\"inLanguage\":\"de\",\"@id\":\"https:\/\/bismarckserben.org\/aktuelles\/#\/schema\/logo\/image\/\",\"url\":\"https:\/\/bismarckserben.org\/aktuelles\/wp-content\/uploads\/2020\/04\/logo-bismarcks-erben-120x150-1.png\",\"contentUrl\":\"https:\/\/bismarckserben.org\/aktuelles\/wp-content\/uploads\/2020\/04\/logo-bismarcks-erben-120x150-1.png\",\"width\":120,\"height\":150,\"caption\":\"Bismarcks Erben\"},\"image\":{\"@id\":\"https:\/\/bismarckserben.org\/aktuelles\/#\/schema\/logo\/image\/\"}},{\"@type\":\"Person\",\"@id\":\"https:\/\/bismarckserben.org\/aktuelles\/#\/schema\/person\/9004856bcb989e4e4cabf5965a269de8\",\"name\":\"Sascha171\",\"image\":{\"@type\":\"ImageObject\",\"inLanguage\":\"de\",\"@id\":\"https:\/\/bismarckserben.org\/aktuelles\/#\/schema\/person\/image\/\",\"url\":\"https:\/\/secure.gravatar.com\/avatar\/1e3f022cd8f681d14f459ffaa89a6798?s=96&d=mm&r=g\",\"contentUrl\":\"https:\/\/secure.gravatar.com\/avatar\/1e3f022cd8f681d14f459ffaa89a6798?s=96&d=mm&r=g\",\"caption\":\"Sascha171\"},\"url\":\"https:\/\/bismarckserben.org\/aktuelles\/author\/sascha171\/\"}]}<\/script>\n<!-- \/ Yoast SEO plugin. -->","yoast_head_json":{"title":"Deutsches Reich Inc.? in Feindpropaganda - Bismarcks Erben.","description":"Silvio behauptet, das Deutsche Reich sei eine in Delaware ans\u00e4ssige Firma \"Deutsches Reich Inc.\". Hier die Widerlegung mit Belegen.","robots":{"index":"index","follow":"follow","max-snippet":"max-snippet:-1","max-image-preview":"max-image-preview:large","max-video-preview":"max-video-preview:-1"},"canonical":"https:\/\/bismarckserben.org\/aktuelles\/2021-02-28-deutsches-reich-inc\/","og_locale":"de_DE","og_type":"article","og_title":"Deutsches Reich Inc.? in Feindpropaganda - Bismarcks Erben.","og_description":"Silvio behauptet, das Deutsche Reich sei eine in Delaware ans\u00e4ssige Firma \"Deutsches Reich Inc.\". Hier die Widerlegung mit Belegen.","og_url":"https:\/\/bismarckserben.org\/aktuelles\/2021-02-28-deutsches-reich-inc\/","og_site_name":"Bismarcks Erben.","article_published_time":"2021-02-28T12:46:16+00:00","article_modified_time":"2021-06-17T07:33:37+00:00","og_image":[{"url":"https:\/\/bismarckserben.org\/aktuelles\/wp-content\/uploads\/2021\/02\/DE-entity-details-deutsches-reich-inc-164x300.jpg","type":"","width":"","height":""}],"author":"Sascha171","twitter_card":"summary_large_image","twitter_misc":{"Verfasst von":"Sascha171","Gesch\u00e4tzte Lesezeit":"2\u00a0Minuten"},"schema":{"@context":"https:\/\/schema.org","@graph":[{"@type":"Article","@id":"https:\/\/bismarckserben.org\/aktuelles\/2021-02-28-deutsches-reich-inc\/#article","isPartOf":{"@id":"https:\/\/bismarckserben.org\/aktuelles\/2021-02-28-deutsches-reich-inc\/"},"author":{"name":"Sascha171","@id":"https:\/\/bismarckserben.org\/aktuelles\/#\/schema\/person\/9004856bcb989e4e4cabf5965a269de8"},"headline":"Deutsches Reich Inc.?","datePublished":"2021-02-28T12:46:16+00:00","dateModified":"2021-06-17T07:33:37+00:00","mainEntityOfPage":{"@id":"https:\/\/bismarckserben.org\/aktuelles\/2021-02-28-deutsches-reich-inc\/"},"wordCount":163,"commentCount":1,"publisher":{"@id":"https:\/\/bismarckserben.org\/aktuelles\/#organization"},"image":{"@id":"https:\/\/bismarckserben.org\/aktuelles\/2021-02-28-deutsches-reich-inc\/#primaryimage"},"thumbnailUrl":"https:\/\/bismarckserben.org\/aktuelles\/wp-content\/uploads\/2021\/02\/DE-entity-details-deutsches-reich-inc-164x300.jpg","articleSection":["Feindpropaganda"],"inLanguage":"de","potentialAction":[{"@type":"CommentAction","name":"Comment","target":["https:\/\/bismarckserben.org\/aktuelles\/2021-02-28-deutsches-reich-inc\/#respond"]}]},{"@type":"WebPage","@id":"https:\/\/bismarckserben.org\/aktuelles\/2021-02-28-deutsches-reich-inc\/","url":"https:\/\/bismarckserben.org\/aktuelles\/2021-02-28-deutsches-reich-inc\/","name":"Deutsches Reich Inc.? in Feindpropaganda - Bismarcks Erben.","isPartOf":{"@id":"https:\/\/bismarckserben.org\/aktuelles\/#website"},"primaryImageOfPage":{"@id":"https:\/\/bismarckserben.org\/aktuelles\/2021-02-28-deutsches-reich-inc\/#primaryimage"},"image":{"@id":"https:\/\/bismarckserben.org\/aktuelles\/2021-02-28-deutsches-reich-inc\/#primaryimage"},"thumbnailUrl":"https:\/\/bismarckserben.org\/aktuelles\/wp-content\/uploads\/2021\/02\/DE-entity-details-deutsches-reich-inc-164x300.jpg","datePublished":"2021-02-28T12:46:16+00:00","dateModified":"2021-06-17T07:33:37+00:00","description":"Silvio behauptet, das Deutsche Reich sei eine in Delaware ans\u00e4ssige Firma \"Deutsches Reich Inc.\". Hier die Widerlegung mit Belegen.","breadcrumb":{"@id":"https:\/\/bismarckserben.org\/aktuelles\/2021-02-28-deutsches-reich-inc\/#breadcrumb"},"inLanguage":"de","potentialAction":[{"@type":"ReadAction","target":["https:\/\/bismarckserben.org\/aktuelles\/2021-02-28-deutsches-reich-inc\/"]}]},{"@type":"ImageObject","inLanguage":"de","@id":"https:\/\/bismarckserben.org\/aktuelles\/2021-02-28-deutsches-reich-inc\/#primaryimage","url":"https:\/\/bismarckserben.org\/aktuelles\/wp-content\/uploads\/2021\/02\/DE-entity-details-deutsches-reich-inc.jpg","contentUrl":"https:\/\/bismarckserben.org\/aktuelles\/wp-content\/uploads\/2021\/02\/DE-entity-details-deutsches-reich-inc.jpg","width":701,"height":1280},{"@type":"BreadcrumbList","@id":"https:\/\/bismarckserben.org\/aktuelles\/2021-02-28-deutsches-reich-inc\/#breadcrumb","itemListElement":[{"@type":"ListItem","position":1,"name":"Startseite","item":"https:\/\/bismarckserben.org\/aktuelles\/"},{"@type":"ListItem","position":2,"name":"Deutsches Reich Inc.?"}]},{"@type":"WebSite","@id":"https:\/\/bismarckserben.org\/aktuelles\/#website","url":"https:\/\/bismarckserben.org\/aktuelles\/","name":"Bismarcks Erben.","description":"Reorganisation des deutschen Indigenats.","publisher":{"@id":"https:\/\/bismarckserben.org\/aktuelles\/#organization"},"potentialAction":[{"@type":"SearchAction","target":{"@type":"EntryPoint","urlTemplate":"https:\/\/bismarckserben.org\/aktuelles\/?s={search_term_string}"},"query-input":{"@type":"PropertyValueSpecification","valueRequired":true,"valueName":"search_term_string"}}],"inLanguage":"de"},{"@type":"Organization","@id":"https:\/\/bismarckserben.org\/aktuelles\/#organization","name":"Bismarcks Erben","url":"https:\/\/bismarckserben.org\/aktuelles\/","logo":{"@type":"ImageObject","inLanguage":"de","@id":"https:\/\/bismarckserben.org\/aktuelles\/#\/schema\/logo\/image\/","url":"https:\/\/bismarckserben.org\/aktuelles\/wp-content\/uploads\/2020\/04\/logo-bismarcks-erben-120x150-1.png","contentUrl":"https:\/\/bismarckserben.org\/aktuelles\/wp-content\/uploads\/2020\/04\/logo-bismarcks-erben-120x150-1.png","width":120,"height":150,"caption":"Bismarcks Erben"},"image":{"@id":"https:\/\/bismarckserben.org\/aktuelles\/#\/schema\/logo\/image\/"}},{"@type":"Person","@id":"https:\/\/bismarckserben.org\/aktuelles\/#\/schema\/person\/9004856bcb989e4e4cabf5965a269de8","name":"Sascha171","image":{"@type":"ImageObject","inLanguage":"de","@id":"https:\/\/bismarckserben.org\/aktuelles\/#\/schema\/person\/image\/","url":"https:\/\/secure.gravatar.com\/avatar\/1e3f022cd8f681d14f459ffaa89a6798?s=96&d=mm&r=g","contentUrl":"https:\/\/secure.gravatar.com\/avatar\/1e3f022cd8f681d14f459ffaa89a6798?s=96&d=mm&r=g","caption":"Sascha171"},"url":"https:\/\/bismarckserben.org\/aktuelles\/author\/sascha171\/"}]}},"_links":{"self":[{"href":"https:\/\/bismarckserben.org\/aktuelles\/wp-json\/wp\/v2\/posts\/583","targetHints":{"allow":["GET"]}}],"collection":[{"href":"https:\/\/bismarckserben.org\/aktuelles\/wp-json\/wp\/v2\/posts"}],"about":[{"href":"https:\/\/bismarckserben.org\/aktuelles\/wp-json\/wp\/v2\/types\/post"}],"author":[{"embeddable":true,"href":"https:\/\/bismarckserben.org\/aktuelles\/wp-json\/wp\/v2\/users\/1"}],"replies":[{"embeddable":true,"href":"https:\/\/bismarckserben.org\/aktuelles\/wp-json\/wp\/v2\/comments?post=583"}],"version-history":[{"count":2,"href":"https:\/\/bismarckserben.org\/aktuelles\/wp-json\/wp\/v2\/posts\/583\/revisions"}],"predecessor-version":[{"id":609,"href":"https:\/\/bismarckserben.org\/aktuelles\/wp-json\/wp\/v2\/posts\/583\/revisions\/609"}],"wp:attachment":[{"href":"https:\/\/bismarckserben.org\/aktuelles\/wp-json\/wp\/v2\/media?parent=583"}],"wp:term":[{"taxonomy":"category","embeddable":true,"href":"https:\/\/bismarckserben.org\/aktuelles\/wp-json\/wp\/v2\/categories?post=583"},{"taxonomy":"post_tag","embeddable":true,"href":"https:\/\/bismarckserben.org\/aktuelles\/wp-json\/wp\/v2\/tags?post=583"}],"curies":[{"name":"wp","href":"https:\/\/api.w.org\/{rel}","templated":true}]}}