{"id":431,"date":"2020-02-29T21:03:50","date_gmt":"2020-02-29T20:03:50","guid":{"rendered":"https:\/\/bismarckserben.org\/aktuelles\/?p=431"},"modified":"2020-10-03T13:00:18","modified_gmt":"2020-10-03T11:00:18","slug":"das-hilfsdienstgesetz","status":"publish","type":"post","link":"https:\/\/bismarckserben.org\/aktuelles\/2020-02-29-das-hilfsdienstgesetz\/","title":{"rendered":"Das Hilfsdienstgesetz"},"content":{"rendered":"<p><img loading=\"lazy\" decoding=\"async\" class=\"alignnone size-full wp-image-434\" src=\"https:\/\/bismarckserben.org\/aktuelles\/wp-content\/uploads\/2020\/02\/vhd-pin-gross.jpg\" alt=\"Historischer Vaterl\u00e4ndischer Hilfsdienst Anstecker\" width=\"800\" height=\"600\" srcset=\"https:\/\/bismarckserben.org\/aktuelles\/wp-content\/uploads\/2020\/02\/vhd-pin-gross.jpg 800w, https:\/\/bismarckserben.org\/aktuelles\/wp-content\/uploads\/2020\/02\/vhd-pin-gross-300x225.jpg 300w, https:\/\/bismarckserben.org\/aktuelles\/wp-content\/uploads\/2020\/02\/vhd-pin-gross-768x576.jpg 768w, https:\/\/bismarckserben.org\/aktuelles\/wp-content\/uploads\/2020\/02\/vhd-pin-gross-624x468.jpg 624w, https:\/\/bismarckserben.org\/aktuelles\/wp-content\/uploads\/2020\/02\/vhd-pin-gross-240x180.jpg 240w, https:\/\/bismarckserben.org\/aktuelles\/wp-content\/uploads\/2020\/02\/vhd-pin-gross-80x60.jpg 80w, https:\/\/bismarckserben.org\/aktuelles\/wp-content\/uploads\/2020\/02\/vhd-pin-gross-576x432.jpg 576w\" sizes=\"auto, (max-width: 800px) 100vw, 800px\" \/><\/p>\n<p><strong>Das Hilfsdienstgesetz<\/strong><\/p>\n<p>1. Einleitung<br \/>\n2. Entstehung<br \/>\n3. Juristische und sozialpolische Betrachtung (kurzer Abriss)<br \/>\n4. G\u00fcltigkeit<br \/>\n5. Der VHD im Jetzt<br \/>\n6. Fazit<\/p>\n<p><strong>1. Einleitung<\/strong><br \/>\n\u00a71 Gesetz \u00fcber den Vaterl\u00e4ndischen Hilfsdienst<br \/>\nJeder m\u00e4nnliche Deutsche vom vollendeten siebzehnten Lebensjahr bis zum vollendeten sechzigsten Lebensjahr ist, soweit er nicht zum Dienste der bewaffneten Macht einberufen ist, zum vaterl\u00e4ndischen Hilfsdienst w\u00e4hrend des Krieges verpflichtet. (1)<\/p>\n<p>Daraus geht hervor, dass mit dem \u00a71 jeder m\u00e4nnliche Deutsche zum Dienst zum Wohle des Vaterlandes und zur Erlangung von Frieden und Freiheit verpflichtet ist. Wie soll das gehen?<\/p>\n<p><strong>2. Entstehung<\/strong><br \/>\nMit den vorteilhaften Ergebnissen des englischen Munitionsgesetzes auf der Seite des Gegners und dem daraus resultierenden R\u00fcckstand, vor allem im Aufbringen von Munition auf deutscher Seite, erkannte man, dass es nicht nur ein Kampf der Artillerie und Munition an der Front war. Es war weitaus mehr. Es war im Prinzip ein Kampf ganzer Volkswirtschaften. Das Hindenburg-Programm (2) von 1916 fokussierte s\u00e4mtliche Ressourcen auf Kriegsg\u00fcter, um dieser immensen Materialschlacht entgegentreten zu k\u00f6nnen. Etwa zur gleichen Zeit trat der Reichstag zusammen und brachte binnen 10 Tagen zusammen mit dem Bundesrat das Hilfsdienstgesetz zustande. (3)<\/p>\n<p><strong>3. Juristische und sozialpolitische Abhandlung<br \/>\n<\/strong>W\u00e4hrend bei der W e h r p f l i c h t, also die Pflicht zum pers\u00f6nlichen Dienst bei der organisierten bewaffneten Macht, die Aufgaben in Friedens- und Kriegszeiten unterschiedliche sind, so verpflichtet der Vaterl\u00e4ndische Hilfsdienst N I C H T zum Dienst mit der Waffe. Der VHD (Vaterl\u00e4ndische Hilfsdienst) verpflichtet nicht nur zu einzelnen Verm\u00f6gensleistungen (siehe Kriegsleistungsgesetz), sondern zu einer h\u00f6chst pers\u00f6nlichen Dienstleistung. Es gibt im Hilfsdienst auch keine M\u00f6glichkeit einer Befreiung (wie in der Wehrpflicht). Denn selbst die F\u00fcrsten sind davon nicht befreit. Der Hilfsdienst ist im Vergleich zur Wehrpflicht nicht unentgeltlich zu leisten. Allerdings ist der Sold eines Soldaten nicht als Gegenleistung f\u00fcr seine Dienste, sondern eher als eine Alimentierung (\u00e4hnlich Unterhalt, Kleidung) anzusehen. Die Hilfsdienstpflicht ist wie die Wehrpflicht eine Art der Untertaneneigenschaft. Denn jeder Deutsche, so hei\u00dft es, ist zum Hilfsdienst verpflichtet.<br \/>\nSo bedeutet Deutsch: \u201e<a href=\"https:\/\/www.ewigerbund.org\/indigenat-die-deutschen\/nachweisen\/\" target=\"_blank\" rel=\"noopener noreferrer\">wer die Deutsche Reichs- oder Staatsangeh\u00f6rigkeit besitzt<\/a>\u201c. Diese Pflicht gilt auch f\u00fcr im Ausland lebende Deutsche. (4)<\/p>\n<p>Das Hilfsdienstgesetz wurde erlassen mit dem ausdr\u00fccklichen Verzicht auf eine Verl\u00e4ngerung der Wehrpflicht durch Erh\u00f6hung der Altersgrenze, ebenso mit dem Verzicht auf den Versuch mit den Mitteln des Kriegsleistungsgesetzes und des <a href=\"https:\/\/www.ewigerbund.org\/belagerungszustand\/\" target=\"_blank\" rel=\"noopener noreferrer\">Belagerungszustandsgesetzes<\/a> das gleiche zu erreichen.(5)<\/p>\n<p><strong>4. G\u00fcltigkeit<\/strong><\/p>\n<p>\u00a720 Hilfsdienstgesetz<br \/>\nDas Gesetz tritt mit dem Tage der Verk\u00fcndung in Kraft. Der Bundesrat bestimmt den Zeitpunkt des Au\u00dferkrafttretens; macht er von dieser Befugnis binnen eines Monats nach Friedensschlu\u00df mit den europ\u00e4ischen Gro\u00dfm\u00e4chten keinen Gebrauch, so tritt das Gesetz au\u00dfer Kraft.<\/p>\n<p>Im \u00a720 des Hilfsdienstgesetzes ist die Dauer der G\u00fcltigkeit geregelt. Da bis heute noch kein g\u00fcltiger Friedensvertrag geschlossen wurde, ist auf Grund des Artikel 50 EGBGB auch der \u00a720 des Hilfsdienstgesetzes und somit das Gesetz selbst noch in Kraft. Wer von diesem Gesetz betroffen ist, wurde bereits weiter oben erl\u00e4utert. Ein wesentlicher Punkt in dem \u00a720 ist seine automatische Au\u00dferkraftsetzung, auch wenn kein Bundesrat mehr zustande kommen kann. Somit ist sp\u00e4testens ein Monat nach Friedensschluss durch den obersten Souver\u00e4n, seiner Majest\u00e4t dem deutschen Kaiser und den beteiligten Kriegsparteien, auch das Hilfsdienstgesetz au\u00dfer Kraft.<\/p>\n<p><strong>5. Der VHD im Jetzt<\/strong><br \/>\nBlenden wir die Zwecke der Kriegsindustrie, Forst-und Landwirtschaft aufgrund der aktuellen Situation einmal aus, so ist der VHD durch den \u00a72 des Gesetzes \u00fcber den Vaterl\u00e4ndischen Hilfsdienst die einzige M\u00f6glichkeit Personen in Beh\u00f6rden und beh\u00f6rdlichen Einrichtungen in den Dienst zu schicken. Diese immense Bedeutung kommt erst zum Tragen, wenn man bedenkt, dass dies der rechtlich legitime Schl\u00fcssel ist die Handlungsf\u00e4higkeit m i t t e l s Organisation wieder herzustellen, indem \u00c4mter mit Stellen auf Grundlage des rechtlichen Rahmens des VHD besetzt werden. (6) Dies h\u00e4tte zur Folge, dass die durch die UN-Charta Kapitel 12 eingesetzte Treuhandverwaltung (Art. 75 UN-Charta) (7) mit der Wiederherstellung der Handlungsf\u00e4higkeit seine Legitimation aufgeben m\u00fcsste. Demnach muss nach Kapitel 11 Art. 73 b) UN-Charta (8) das verpflichtete Mitglied der Vereinten Nationen, die F\u00f6rderung der \u201eEntwicklung einer Selbstregierung\u201c sogar unterst\u00fctzen und dem verwalteten Gebiet bei der Umsetzung helfen.<\/p>\n<p><strong>6. Fazit:<\/strong><br \/>\nDie M\u00f6glichkeit eines Friedensvertrages und einem Leben in Freiheit und Wohlstand in einem souver\u00e4nen Staat, obliegt der Wiederherstellung der Handlungsf\u00e4higkeit des fremdverwalteten Gebietes der deutschen V\u00f6lker. Diese M\u00f6glichkeit ist gegeben durch die Errichtung staatlicher Stellen f\u00fcr den Aufbau der Selbstorganisation mittels der rechtlichen Grundlage des Gesetzes \u00fcber den Vaterl\u00e4ndischen Hilfsdienst. Somit sind hilfsdienstpflichtige Deutsche berechtigt Aufgaben und T\u00e4tigkeiten in Beh\u00f6rden und beh\u00f6rdlichen Einrichtungen nach g\u00fcltigem Recht und Gesetz auszu\u00fcben. Der Fakt einer Entlohnung stellt sich bis zu der Reorganisation staatlicher Strukturen erst einmal nicht. So sei hier an das Pflichtbewusstsein aller Tatkr\u00e4ftigen Deutschen zu appellieren, welche ihr Schicksal nicht mehr in die Gunst Anderer geben wollen und es stattdessen selbst in die Hand nehmen. Es wird niemand kommen und uns davon erl\u00f6sen, das m\u00fcssen die Deutschen selbst tun.<\/p>\n<p>\u201eWenn einmal das Gesetz aufh\u00f6rt zu gelten, wenn sozusagen die H\u00fclle f\u00e4llt, dann wird nichts anderes \u00fcbrig bleiben, als der freie Dienst freier M\u00e4nner im Staate, beim Vaterlande. Dieser freie Dienst wird dann unter keinem anderen Gesetze stehen als unter dem Rechte, das sich die ganze Nation im Frieden und f\u00fcr den Frieden geschaffen hat.\u201c (9)<\/p>\n<p><strong>Packen wir es an. Es liegt an den Deutschen selbst.<\/strong><br \/>\n<a style=\"font-size: 120%; font-weight: bold; color: #a90000;\" href=\"https:\/\/www.hilfsdienst.net\/\" target=\"_blank\" rel=\"noopener noreferrer\">Zum Vaterl\u00e4ndischen Hilfsdienst \u00bb<\/a><\/p>\n<p>(1) <a href=\"https:\/\/www.hilfsdienst.net\/vhd-gesetz.html\" target=\"_blank\" rel=\"noopener noreferrer\">Gesetz \u00fcber den Vaterl\u00e4ndischen Hilfsdienst \u00a71<\/a><br \/>\n(2) <a href=\"https:\/\/de.wikipedia.org\/wiki\/Hindenburg-Programm\" target=\"_blank\" rel=\"noopener noreferrer\">https:\/\/de.wikipedia.org\/wiki\/Hindenburg-Programm<\/a><br \/>\n(3) <a href=\"https:\/\/www.hilfsdienst.net\/literatur.html\" target=\"_blank\" rel=\"noopener noreferrer\">Das Hilfsdienstgesetz von Johannes Junck S3; S4<\/a><br \/>\n(4) <a href=\"https:\/\/www.hilfsdienst.net\/literatur.html\" target=\"_blank\" rel=\"noopener noreferrer\">Das Hilfsdienstgesetz von Johannes Junck S5<\/a><br \/>\n(5) <a href=\"https:\/\/www.hilfsdienst.net\/literatur.html\" target=\"_blank\" rel=\"noopener noreferrer\">Das Hilfsdienstgesetz von Johannes Junck S.6<\/a><br \/>\n(6) <a href=\"https:\/\/www.hilfsdienst.net\/vhd-gesetz.html\" target=\"_blank\" rel=\"noopener noreferrer\">Gesetz \u00fcber den Vaterl\u00e4ndischen Hilfsdienst \u00a72<\/a><br \/>\n(7) <a href=\"https:\/\/unric.org\/de\/charta\/#kapitel11\" target=\"_blank\" rel=\"noopener noreferrer\">https:\/\/unric.org\/de\/charta\/#kapitel11<\/a><br \/>\n(8) <a href=\"https:\/\/unric.org\/de\/charta\/#kapitel12\" target=\"_blank\" rel=\"noopener noreferrer\">https:\/\/unric.org\/de\/charta\/#kapitel12<\/a><br \/>\n(9) <a href=\"https:\/\/www.hilfsdienst.net\/literatur.html\" target=\"_blank\" rel=\"noopener noreferrer\">Das Hilfsdienstgesetz von Johannes Junck S.48<\/a><\/p>\n","protected":false},"excerpt":{"rendered":"<p>Das Hilfsdienstgesetz 1. Einleitung 2. Entstehung 3. Juristische und sozialpolische Betrachtung (kurzer Abriss) 4. G\u00fcltigkeit 5. Der VHD im Jetzt 6. Fazit 1. Einleitung \u00a71 Gesetz \u00fcber den Vaterl\u00e4ndischen Hilfsdienst&#8230; <a class=\"read-more-link\" href=\"https:\/\/bismarckserben.org\/aktuelles\/2020-02-29-das-hilfsdienstgesetz\/\">Read more &raquo;<\/a><\/p>\n","protected":false},"author":1,"featured_media":433,"comment_status":"open","ping_status":"open","sticky":false,"template":"","format":"standard","meta":{"footnotes":""},"categories":[1],"tags":[55,22,60,21,52,20,61],"class_list":["post-431","post","type-post","status-publish","format-standard","has-post-thumbnail","hentry","category-allgemein","tag-belagerungszustand","tag-friedensvertrag","tag-hilfsdienst","tag-kriegszustand","tag-staatsangehoerigkeit","tag-staatsrecht","tag-wehrpflicht"],"yoast_head":"<!-- This site is optimized with the Yoast SEO plugin v24.3 - https:\/\/yoast.com\/wordpress\/plugins\/seo\/ -->\n<title>Das Hilfsdienstgesetz - Bismarcks Erben.<\/title>\n<meta name=\"robots\" content=\"index, follow, max-snippet:-1, max-image-preview:large, max-video-preview:-1\" \/>\n<link rel=\"canonical\" href=\"https:\/\/bismarckserben.org\/aktuelles\/2020-02-29-das-hilfsdienstgesetz\/\" \/>\n<meta property=\"og:locale\" content=\"de_DE\" \/>\n<meta property=\"og:type\" content=\"article\" \/>\n<meta property=\"og:title\" content=\"Das Hilfsdienstgesetz - Bismarcks Erben.\" \/>\n<meta property=\"og:description\" content=\"Das Hilfsdienstgesetz 1. Einleitung 2. Entstehung 3. Juristische und sozialpolische Betrachtung (kurzer Abriss) 4. G\u00fcltigkeit 5. Der VHD im Jetzt 6. Fazit 1. Einleitung \u00a71 Gesetz \u00fcber den Vaterl\u00e4ndischen Hilfsdienst... Read more &raquo;\" \/>\n<meta property=\"og:url\" content=\"https:\/\/bismarckserben.org\/aktuelles\/2020-02-29-das-hilfsdienstgesetz\/\" \/>\n<meta property=\"og:site_name\" content=\"Bismarcks Erben.\" \/>\n<meta property=\"article:published_time\" content=\"2020-02-29T20:03:50+00:00\" \/>\n<meta property=\"article:modified_time\" content=\"2020-10-03T11:00:18+00:00\" \/>\n<meta property=\"og:image\" content=\"https:\/\/bismarckserben.org\/aktuelles\/wp-content\/uploads\/2020\/02\/vhd-pin-klein.jpg\" \/>\n\t<meta property=\"og:image:width\" content=\"601\" \/>\n\t<meta property=\"og:image:height\" content=\"451\" \/>\n\t<meta property=\"og:image:type\" content=\"image\/jpeg\" \/>\n<meta name=\"author\" content=\"Sascha171\" \/>\n<meta name=\"twitter:card\" content=\"summary_large_image\" \/>\n<meta name=\"twitter:label1\" content=\"Verfasst von\" \/>\n\t<meta name=\"twitter:data1\" content=\"Sascha171\" \/>\n\t<meta name=\"twitter:label2\" content=\"Gesch\u00e4tzte Lesezeit\" \/>\n\t<meta name=\"twitter:data2\" content=\"5\u00a0Minuten\" \/>\n<script type=\"application\/ld+json\" class=\"yoast-schema-graph\">{\"@context\":\"https:\/\/schema.org\",\"@graph\":[{\"@type\":\"Article\",\"@id\":\"https:\/\/bismarckserben.org\/aktuelles\/2020-02-29-das-hilfsdienstgesetz\/#article\",\"isPartOf\":{\"@id\":\"https:\/\/bismarckserben.org\/aktuelles\/2020-02-29-das-hilfsdienstgesetz\/\"},\"author\":{\"name\":\"Sascha171\",\"@id\":\"https:\/\/bismarckserben.org\/aktuelles\/#\/schema\/person\/9004856bcb989e4e4cabf5965a269de8\"},\"headline\":\"Das Hilfsdienstgesetz\",\"datePublished\":\"2020-02-29T20:03:50+00:00\",\"dateModified\":\"2020-10-03T11:00:18+00:00\",\"mainEntityOfPage\":{\"@id\":\"https:\/\/bismarckserben.org\/aktuelles\/2020-02-29-das-hilfsdienstgesetz\/\"},\"wordCount\":962,\"commentCount\":1,\"publisher\":{\"@id\":\"https:\/\/bismarckserben.org\/aktuelles\/#organization\"},\"image\":{\"@id\":\"https:\/\/bismarckserben.org\/aktuelles\/2020-02-29-das-hilfsdienstgesetz\/#primaryimage\"},\"thumbnailUrl\":\"https:\/\/bismarckserben.org\/aktuelles\/wp-content\/uploads\/2020\/02\/vhd-pin-klein.jpg\",\"keywords\":[\"Belagerungszustand\",\"Friedensvertrag\",\"Hilfsdienst\",\"Kriegszustand\",\"Staatsangeh\u00f6rigkeit\",\"Staatsrecht\",\"Wehrpflicht\"],\"inLanguage\":\"de\",\"potentialAction\":[{\"@type\":\"CommentAction\",\"name\":\"Comment\",\"target\":[\"https:\/\/bismarckserben.org\/aktuelles\/2020-02-29-das-hilfsdienstgesetz\/#respond\"]}]},{\"@type\":\"WebPage\",\"@id\":\"https:\/\/bismarckserben.org\/aktuelles\/2020-02-29-das-hilfsdienstgesetz\/\",\"url\":\"https:\/\/bismarckserben.org\/aktuelles\/2020-02-29-das-hilfsdienstgesetz\/\",\"name\":\"Das Hilfsdienstgesetz - Bismarcks Erben.\",\"isPartOf\":{\"@id\":\"https:\/\/bismarckserben.org\/aktuelles\/#website\"},\"primaryImageOfPage\":{\"@id\":\"https:\/\/bismarckserben.org\/aktuelles\/2020-02-29-das-hilfsdienstgesetz\/#primaryimage\"},\"image\":{\"@id\":\"https:\/\/bismarckserben.org\/aktuelles\/2020-02-29-das-hilfsdienstgesetz\/#primaryimage\"},\"thumbnailUrl\":\"https:\/\/bismarckserben.org\/aktuelles\/wp-content\/uploads\/2020\/02\/vhd-pin-klein.jpg\",\"datePublished\":\"2020-02-29T20:03:50+00:00\",\"dateModified\":\"2020-10-03T11:00:18+00:00\",\"breadcrumb\":{\"@id\":\"https:\/\/bismarckserben.org\/aktuelles\/2020-02-29-das-hilfsdienstgesetz\/#breadcrumb\"},\"inLanguage\":\"de\",\"potentialAction\":[{\"@type\":\"ReadAction\",\"target\":[\"https:\/\/bismarckserben.org\/aktuelles\/2020-02-29-das-hilfsdienstgesetz\/\"]}]},{\"@type\":\"ImageObject\",\"inLanguage\":\"de\",\"@id\":\"https:\/\/bismarckserben.org\/aktuelles\/2020-02-29-das-hilfsdienstgesetz\/#primaryimage\",\"url\":\"https:\/\/bismarckserben.org\/aktuelles\/wp-content\/uploads\/2020\/02\/vhd-pin-klein.jpg\",\"contentUrl\":\"https:\/\/bismarckserben.org\/aktuelles\/wp-content\/uploads\/2020\/02\/vhd-pin-klein.jpg\",\"width\":601,\"height\":451},{\"@type\":\"BreadcrumbList\",\"@id\":\"https:\/\/bismarckserben.org\/aktuelles\/2020-02-29-das-hilfsdienstgesetz\/#breadcrumb\",\"itemListElement\":[{\"@type\":\"ListItem\",\"position\":1,\"name\":\"Startseite\",\"item\":\"https:\/\/bismarckserben.org\/aktuelles\/\"},{\"@type\":\"ListItem\",\"position\":2,\"name\":\"Das Hilfsdienstgesetz\"}]},{\"@type\":\"WebSite\",\"@id\":\"https:\/\/bismarckserben.org\/aktuelles\/#website\",\"url\":\"https:\/\/bismarckserben.org\/aktuelles\/\",\"name\":\"Bismarcks Erben.\",\"description\":\"Reorganisation des deutschen Indigenats.\",\"publisher\":{\"@id\":\"https:\/\/bismarckserben.org\/aktuelles\/#organization\"},\"potentialAction\":[{\"@type\":\"SearchAction\",\"target\":{\"@type\":\"EntryPoint\",\"urlTemplate\":\"https:\/\/bismarckserben.org\/aktuelles\/?s={search_term_string}\"},\"query-input\":{\"@type\":\"PropertyValueSpecification\",\"valueRequired\":true,\"valueName\":\"search_term_string\"}}],\"inLanguage\":\"de\"},{\"@type\":\"Organization\",\"@id\":\"https:\/\/bismarckserben.org\/aktuelles\/#organization\",\"name\":\"Bismarcks Erben\",\"url\":\"https:\/\/bismarckserben.org\/aktuelles\/\",\"logo\":{\"@type\":\"ImageObject\",\"inLanguage\":\"de\",\"@id\":\"https:\/\/bismarckserben.org\/aktuelles\/#\/schema\/logo\/image\/\",\"url\":\"https:\/\/bismarckserben.org\/aktuelles\/wp-content\/uploads\/2020\/04\/logo-bismarcks-erben-120x150-1.png\",\"contentUrl\":\"https:\/\/bismarckserben.org\/aktuelles\/wp-content\/uploads\/2020\/04\/logo-bismarcks-erben-120x150-1.png\",\"width\":120,\"height\":150,\"caption\":\"Bismarcks Erben\"},\"image\":{\"@id\":\"https:\/\/bismarckserben.org\/aktuelles\/#\/schema\/logo\/image\/\"}},{\"@type\":\"Person\",\"@id\":\"https:\/\/bismarckserben.org\/aktuelles\/#\/schema\/person\/9004856bcb989e4e4cabf5965a269de8\",\"name\":\"Sascha171\",\"image\":{\"@type\":\"ImageObject\",\"inLanguage\":\"de\",\"@id\":\"https:\/\/bismarckserben.org\/aktuelles\/#\/schema\/person\/image\/\",\"url\":\"https:\/\/secure.gravatar.com\/avatar\/1e3f022cd8f681d14f459ffaa89a6798?s=96&d=mm&r=g\",\"contentUrl\":\"https:\/\/secure.gravatar.com\/avatar\/1e3f022cd8f681d14f459ffaa89a6798?s=96&d=mm&r=g\",\"caption\":\"Sascha171\"},\"url\":\"https:\/\/bismarckserben.org\/aktuelles\/author\/sascha171\/\"}]}<\/script>\n<!-- \/ Yoast SEO plugin. -->","yoast_head_json":{"title":"Das Hilfsdienstgesetz - Bismarcks Erben.","robots":{"index":"index","follow":"follow","max-snippet":"max-snippet:-1","max-image-preview":"max-image-preview:large","max-video-preview":"max-video-preview:-1"},"canonical":"https:\/\/bismarckserben.org\/aktuelles\/2020-02-29-das-hilfsdienstgesetz\/","og_locale":"de_DE","og_type":"article","og_title":"Das Hilfsdienstgesetz - Bismarcks Erben.","og_description":"Das Hilfsdienstgesetz 1. Einleitung 2. Entstehung 3. Juristische und sozialpolische Betrachtung (kurzer Abriss) 4. G\u00fcltigkeit 5. Der VHD im Jetzt 6. Fazit 1. Einleitung \u00a71 Gesetz \u00fcber den Vaterl\u00e4ndischen Hilfsdienst... Read more &raquo;","og_url":"https:\/\/bismarckserben.org\/aktuelles\/2020-02-29-das-hilfsdienstgesetz\/","og_site_name":"Bismarcks Erben.","article_published_time":"2020-02-29T20:03:50+00:00","article_modified_time":"2020-10-03T11:00:18+00:00","og_image":[{"width":601,"height":451,"url":"https:\/\/bismarckserben.org\/aktuelles\/wp-content\/uploads\/2020\/02\/vhd-pin-klein.jpg","type":"image\/jpeg"}],"author":"Sascha171","twitter_card":"summary_large_image","twitter_misc":{"Verfasst von":"Sascha171","Gesch\u00e4tzte Lesezeit":"5\u00a0Minuten"},"schema":{"@context":"https:\/\/schema.org","@graph":[{"@type":"Article","@id":"https:\/\/bismarckserben.org\/aktuelles\/2020-02-29-das-hilfsdienstgesetz\/#article","isPartOf":{"@id":"https:\/\/bismarckserben.org\/aktuelles\/2020-02-29-das-hilfsdienstgesetz\/"},"author":{"name":"Sascha171","@id":"https:\/\/bismarckserben.org\/aktuelles\/#\/schema\/person\/9004856bcb989e4e4cabf5965a269de8"},"headline":"Das Hilfsdienstgesetz","datePublished":"2020-02-29T20:03:50+00:00","dateModified":"2020-10-03T11:00:18+00:00","mainEntityOfPage":{"@id":"https:\/\/bismarckserben.org\/aktuelles\/2020-02-29-das-hilfsdienstgesetz\/"},"wordCount":962,"commentCount":1,"publisher":{"@id":"https:\/\/bismarckserben.org\/aktuelles\/#organization"},"image":{"@id":"https:\/\/bismarckserben.org\/aktuelles\/2020-02-29-das-hilfsdienstgesetz\/#primaryimage"},"thumbnailUrl":"https:\/\/bismarckserben.org\/aktuelles\/wp-content\/uploads\/2020\/02\/vhd-pin-klein.jpg","keywords":["Belagerungszustand","Friedensvertrag","Hilfsdienst","Kriegszustand","Staatsangeh\u00f6rigkeit","Staatsrecht","Wehrpflicht"],"inLanguage":"de","potentialAction":[{"@type":"CommentAction","name":"Comment","target":["https:\/\/bismarckserben.org\/aktuelles\/2020-02-29-das-hilfsdienstgesetz\/#respond"]}]},{"@type":"WebPage","@id":"https:\/\/bismarckserben.org\/aktuelles\/2020-02-29-das-hilfsdienstgesetz\/","url":"https:\/\/bismarckserben.org\/aktuelles\/2020-02-29-das-hilfsdienstgesetz\/","name":"Das Hilfsdienstgesetz - Bismarcks Erben.","isPartOf":{"@id":"https:\/\/bismarckserben.org\/aktuelles\/#website"},"primaryImageOfPage":{"@id":"https:\/\/bismarckserben.org\/aktuelles\/2020-02-29-das-hilfsdienstgesetz\/#primaryimage"},"image":{"@id":"https:\/\/bismarckserben.org\/aktuelles\/2020-02-29-das-hilfsdienstgesetz\/#primaryimage"},"thumbnailUrl":"https:\/\/bismarckserben.org\/aktuelles\/wp-content\/uploads\/2020\/02\/vhd-pin-klein.jpg","datePublished":"2020-02-29T20:03:50+00:00","dateModified":"2020-10-03T11:00:18+00:00","breadcrumb":{"@id":"https:\/\/bismarckserben.org\/aktuelles\/2020-02-29-das-hilfsdienstgesetz\/#breadcrumb"},"inLanguage":"de","potentialAction":[{"@type":"ReadAction","target":["https:\/\/bismarckserben.org\/aktuelles\/2020-02-29-das-hilfsdienstgesetz\/"]}]},{"@type":"ImageObject","inLanguage":"de","@id":"https:\/\/bismarckserben.org\/aktuelles\/2020-02-29-das-hilfsdienstgesetz\/#primaryimage","url":"https:\/\/bismarckserben.org\/aktuelles\/wp-content\/uploads\/2020\/02\/vhd-pin-klein.jpg","contentUrl":"https:\/\/bismarckserben.org\/aktuelles\/wp-content\/uploads\/2020\/02\/vhd-pin-klein.jpg","width":601,"height":451},{"@type":"BreadcrumbList","@id":"https:\/\/bismarckserben.org\/aktuelles\/2020-02-29-das-hilfsdienstgesetz\/#breadcrumb","itemListElement":[{"@type":"ListItem","position":1,"name":"Startseite","item":"https:\/\/bismarckserben.org\/aktuelles\/"},{"@type":"ListItem","position":2,"name":"Das Hilfsdienstgesetz"}]},{"@type":"WebSite","@id":"https:\/\/bismarckserben.org\/aktuelles\/#website","url":"https:\/\/bismarckserben.org\/aktuelles\/","name":"Bismarcks Erben.","description":"Reorganisation des deutschen Indigenats.","publisher":{"@id":"https:\/\/bismarckserben.org\/aktuelles\/#organization"},"potentialAction":[{"@type":"SearchAction","target":{"@type":"EntryPoint","urlTemplate":"https:\/\/bismarckserben.org\/aktuelles\/?s={search_term_string}"},"query-input":{"@type":"PropertyValueSpecification","valueRequired":true,"valueName":"search_term_string"}}],"inLanguage":"de"},{"@type":"Organization","@id":"https:\/\/bismarckserben.org\/aktuelles\/#organization","name":"Bismarcks Erben","url":"https:\/\/bismarckserben.org\/aktuelles\/","logo":{"@type":"ImageObject","inLanguage":"de","@id":"https:\/\/bismarckserben.org\/aktuelles\/#\/schema\/logo\/image\/","url":"https:\/\/bismarckserben.org\/aktuelles\/wp-content\/uploads\/2020\/04\/logo-bismarcks-erben-120x150-1.png","contentUrl":"https:\/\/bismarckserben.org\/aktuelles\/wp-content\/uploads\/2020\/04\/logo-bismarcks-erben-120x150-1.png","width":120,"height":150,"caption":"Bismarcks Erben"},"image":{"@id":"https:\/\/bismarckserben.org\/aktuelles\/#\/schema\/logo\/image\/"}},{"@type":"Person","@id":"https:\/\/bismarckserben.org\/aktuelles\/#\/schema\/person\/9004856bcb989e4e4cabf5965a269de8","name":"Sascha171","image":{"@type":"ImageObject","inLanguage":"de","@id":"https:\/\/bismarckserben.org\/aktuelles\/#\/schema\/person\/image\/","url":"https:\/\/secure.gravatar.com\/avatar\/1e3f022cd8f681d14f459ffaa89a6798?s=96&d=mm&r=g","contentUrl":"https:\/\/secure.gravatar.com\/avatar\/1e3f022cd8f681d14f459ffaa89a6798?s=96&d=mm&r=g","caption":"Sascha171"},"url":"https:\/\/bismarckserben.org\/aktuelles\/author\/sascha171\/"}]}},"_links":{"self":[{"href":"https:\/\/bismarckserben.org\/aktuelles\/wp-json\/wp\/v2\/posts\/431","targetHints":{"allow":["GET"]}}],"collection":[{"href":"https:\/\/bismarckserben.org\/aktuelles\/wp-json\/wp\/v2\/posts"}],"about":[{"href":"https:\/\/bismarckserben.org\/aktuelles\/wp-json\/wp\/v2\/types\/post"}],"author":[{"embeddable":true,"href":"https:\/\/bismarckserben.org\/aktuelles\/wp-json\/wp\/v2\/users\/1"}],"replies":[{"embeddable":true,"href":"https:\/\/bismarckserben.org\/aktuelles\/wp-json\/wp\/v2\/comments?post=431"}],"version-history":[{"count":6,"href":"https:\/\/bismarckserben.org\/aktuelles\/wp-json\/wp\/v2\/posts\/431\/revisions"}],"predecessor-version":[{"id":505,"href":"https:\/\/bismarckserben.org\/aktuelles\/wp-json\/wp\/v2\/posts\/431\/revisions\/505"}],"wp:featuredmedia":[{"embeddable":true,"href":"https:\/\/bismarckserben.org\/aktuelles\/wp-json\/wp\/v2\/media\/433"}],"wp:attachment":[{"href":"https:\/\/bismarckserben.org\/aktuelles\/wp-json\/wp\/v2\/media?parent=431"}],"wp:term":[{"taxonomy":"category","embeddable":true,"href":"https:\/\/bismarckserben.org\/aktuelles\/wp-json\/wp\/v2\/categories?post=431"},{"taxonomy":"post_tag","embeddable":true,"href":"https:\/\/bismarckserben.org\/aktuelles\/wp-json\/wp\/v2\/tags?post=431"}],"curies":[{"name":"wp","href":"https:\/\/api.w.org\/{rel}","templated":true}]}}