{"id":33,"date":"2018-09-04T10:08:37","date_gmt":"2018-09-04T08:08:37","guid":{"rendered":"https:\/\/bismarckserben.org\/aktuelles\/?p=33"},"modified":"2018-10-26T18:20:04","modified_gmt":"2018-10-26T16:20:04","slug":"gold-fuer-eisen","status":"publish","type":"post","link":"https:\/\/bismarckserben.org\/aktuelles\/2018-09-04-gold-fuer-eisen\/","title":{"rendered":"Gold f\u00fcr Eisen."},"content":{"rendered":"<p><a href=\"https:\/\/bismarckserben.org\/aktuelles\/wp-content\/uploads\/2018\/09\/2018-09-03-spenden.jpg\"><img loading=\"lazy\" decoding=\"async\" class=\"alignleft size-thumbnail wp-image-34\" src=\"https:\/\/bismarckserben.org\/aktuelles\/wp-content\/uploads\/2018\/09\/2018-09-03-spenden-150x150.jpg\" alt=\"Spenden vom 3. September 2018\" width=\"150\" height=\"150\" srcset=\"https:\/\/bismarckserben.org\/aktuelles\/wp-content\/uploads\/2018\/09\/2018-09-03-spenden-150x150.jpg 150w, https:\/\/bismarckserben.org\/aktuelles\/wp-content\/uploads\/2018\/09\/2018-09-03-spenden-180x180.jpg 180w\" sizes=\"auto, (max-width: 150px) 100vw, 150px\" \/><\/a>Auch wenn es derzeit noch am pers\u00f6nlichen Engagement hapert, so l\u00e4uft zumindest die finanzielle Unterst\u00fctzung f\u00fcr unser Projekt passabel an. Und so bedanken wir uns herzlich bei all denjenigen, die am gestrigen Abend f\u00fcr die stolze Summe von 174,84 \u20ac in der Spendendose gesorgt haben! Ihr macht es m\u00f6glich, dass Bismarcks Erben schnell in die richtig Spur kommen.<\/p>\n","protected":false},"excerpt":{"rendered":"<p>Auch wenn es derzeit noch am pers\u00f6nlichen Engagement hapert, so l\u00e4uft zumindest die finanzielle Unterst\u00fctzung f\u00fcr unser Projekt passabel an. Und so bedanken wir uns herzlich bei all denjenigen, die&#8230; <a class=\"read-more-link\" href=\"https:\/\/bismarckserben.org\/aktuelles\/2018-09-04-gold-fuer-eisen\/\">Read more &raquo;<\/a><\/p>\n","protected":false},"author":1,"featured_media":0,"comment_status":"closed","ping_status":"closed","sticky":false,"template":"","format":"standard","meta":{"footnotes":""},"categories":[1],"tags":[27],"class_list":["post-33","post","type-post","status-publish","format-standard","hentry","category-allgemein","tag-spenden"],"yoast_head":"<!-- This site is optimized with the Yoast SEO plugin v24.3 - https:\/\/yoast.com\/wordpress\/plugins\/seo\/ -->\n<title>Gold f\u00fcr Eisen. - Bismarcks Erben.<\/title>\n<meta name=\"robots\" content=\"index, follow, max-snippet:-1, max-image-preview:large, max-video-preview:-1\" \/>\n<link rel=\"canonical\" href=\"https:\/\/bismarckserben.org\/aktuelles\/2018-09-04-gold-fuer-eisen\/\" \/>\n<meta property=\"og:locale\" content=\"de_DE\" \/>\n<meta property=\"og:type\" content=\"article\" \/>\n<meta property=\"og:title\" content=\"Gold f\u00fcr Eisen. - Bismarcks Erben.\" \/>\n<meta property=\"og:description\" content=\"Auch wenn es derzeit noch am pers\u00f6nlichen Engagement hapert, so l\u00e4uft zumindest die finanzielle Unterst\u00fctzung f\u00fcr unser Projekt passabel an. Und so bedanken wir uns herzlich bei all denjenigen, die... Read more &raquo;\" \/>\n<meta property=\"og:url\" content=\"https:\/\/bismarckserben.org\/aktuelles\/2018-09-04-gold-fuer-eisen\/\" \/>\n<meta property=\"og:site_name\" content=\"Bismarcks Erben.\" \/>\n<meta property=\"article:published_time\" content=\"2018-09-04T08:08:37+00:00\" \/>\n<meta property=\"article:modified_time\" content=\"2018-10-26T16:20:04+00:00\" \/>\n<meta property=\"og:image\" content=\"https:\/\/bismarckserben.org\/aktuelles\/wp-content\/uploads\/2018\/09\/2018-09-03-spenden-150x150.jpg\" \/>\n<meta name=\"author\" content=\"Sascha171\" \/>\n<meta name=\"twitter:card\" content=\"summary_large_image\" \/>\n<meta name=\"twitter:label1\" content=\"Verfasst von\" \/>\n\t<meta name=\"twitter:data1\" content=\"Sascha171\" \/>\n<script type=\"application\/ld+json\" class=\"yoast-schema-graph\">{\"@context\":\"https:\/\/schema.org\",\"@graph\":[{\"@type\":\"Article\",\"@id\":\"https:\/\/bismarckserben.org\/aktuelles\/2018-09-04-gold-fuer-eisen\/#article\",\"isPartOf\":{\"@id\":\"https:\/\/bismarckserben.org\/aktuelles\/2018-09-04-gold-fuer-eisen\/\"},\"author\":{\"name\":\"Sascha171\",\"@id\":\"https:\/\/bismarckserben.org\/aktuelles\/#\/schema\/person\/9004856bcb989e4e4cabf5965a269de8\"},\"headline\":\"Gold f\u00fcr Eisen.\",\"datePublished\":\"2018-09-04T08:08:37+00:00\",\"dateModified\":\"2018-10-26T16:20:04+00:00\",\"mainEntityOfPage\":{\"@id\":\"https:\/\/bismarckserben.org\/aktuelles\/2018-09-04-gold-fuer-eisen\/\"},\"wordCount\":66,\"publisher\":{\"@id\":\"https:\/\/bismarckserben.org\/aktuelles\/#organization\"},\"image\":{\"@id\":\"https:\/\/bismarckserben.org\/aktuelles\/2018-09-04-gold-fuer-eisen\/#primaryimage\"},\"thumbnailUrl\":\"https:\/\/bismarckserben.org\/aktuelles\/wp-content\/uploads\/2018\/09\/2018-09-03-spenden-150x150.jpg\",\"keywords\":[\"Spenden\"],\"inLanguage\":\"de\"},{\"@type\":\"WebPage\",\"@id\":\"https:\/\/bismarckserben.org\/aktuelles\/2018-09-04-gold-fuer-eisen\/\",\"url\":\"https:\/\/bismarckserben.org\/aktuelles\/2018-09-04-gold-fuer-eisen\/\",\"name\":\"Gold f\u00fcr Eisen. - Bismarcks Erben.\",\"isPartOf\":{\"@id\":\"https:\/\/bismarckserben.org\/aktuelles\/#website\"},\"primaryImageOfPage\":{\"@id\":\"https:\/\/bismarckserben.org\/aktuelles\/2018-09-04-gold-fuer-eisen\/#primaryimage\"},\"image\":{\"@id\":\"https:\/\/bismarckserben.org\/aktuelles\/2018-09-04-gold-fuer-eisen\/#primaryimage\"},\"thumbnailUrl\":\"https:\/\/bismarckserben.org\/aktuelles\/wp-content\/uploads\/2018\/09\/2018-09-03-spenden-150x150.jpg\",\"datePublished\":\"2018-09-04T08:08:37+00:00\",\"dateModified\":\"2018-10-26T16:20:04+00:00\",\"breadcrumb\":{\"@id\":\"https:\/\/bismarckserben.org\/aktuelles\/2018-09-04-gold-fuer-eisen\/#breadcrumb\"},\"inLanguage\":\"de\",\"potentialAction\":[{\"@type\":\"ReadAction\",\"target\":[\"https:\/\/bismarckserben.org\/aktuelles\/2018-09-04-gold-fuer-eisen\/\"]}]},{\"@type\":\"ImageObject\",\"inLanguage\":\"de\",\"@id\":\"https:\/\/bismarckserben.org\/aktuelles\/2018-09-04-gold-fuer-eisen\/#primaryimage\",\"url\":\"https:\/\/bismarckserben.org\/aktuelles\/wp-content\/uploads\/2018\/09\/2018-09-03-spenden.jpg\",\"contentUrl\":\"https:\/\/bismarckserben.org\/aktuelles\/wp-content\/uploads\/2018\/09\/2018-09-03-spenden.jpg\",\"width\":800,\"height\":600,\"caption\":\"Spenden vom 3. September 2018\"},{\"@type\":\"BreadcrumbList\",\"@id\":\"https:\/\/bismarckserben.org\/aktuelles\/2018-09-04-gold-fuer-eisen\/#breadcrumb\",\"itemListElement\":[{\"@type\":\"ListItem\",\"position\":1,\"name\":\"Startseite\",\"item\":\"https:\/\/bismarckserben.org\/aktuelles\/\"},{\"@type\":\"ListItem\",\"position\":2,\"name\":\"Gold f\u00fcr Eisen.\"}]},{\"@type\":\"WebSite\",\"@id\":\"https:\/\/bismarckserben.org\/aktuelles\/#website\",\"url\":\"https:\/\/bismarckserben.org\/aktuelles\/\",\"name\":\"Bismarcks Erben.\",\"description\":\"Reorganisation des deutschen Indigenats.\",\"publisher\":{\"@id\":\"https:\/\/bismarckserben.org\/aktuelles\/#organization\"},\"potentialAction\":[{\"@type\":\"SearchAction\",\"target\":{\"@type\":\"EntryPoint\",\"urlTemplate\":\"https:\/\/bismarckserben.org\/aktuelles\/?s={search_term_string}\"},\"query-input\":{\"@type\":\"PropertyValueSpecification\",\"valueRequired\":true,\"valueName\":\"search_term_string\"}}],\"inLanguage\":\"de\"},{\"@type\":\"Organization\",\"@id\":\"https:\/\/bismarckserben.org\/aktuelles\/#organization\",\"name\":\"Bismarcks Erben\",\"url\":\"https:\/\/bismarckserben.org\/aktuelles\/\",\"logo\":{\"@type\":\"ImageObject\",\"inLanguage\":\"de\",\"@id\":\"https:\/\/bismarckserben.org\/aktuelles\/#\/schema\/logo\/image\/\",\"url\":\"https:\/\/bismarckserben.org\/aktuelles\/wp-content\/uploads\/2020\/04\/logo-bismarcks-erben-120x150-1.png\",\"contentUrl\":\"https:\/\/bismarckserben.org\/aktuelles\/wp-content\/uploads\/2020\/04\/logo-bismarcks-erben-120x150-1.png\",\"width\":120,\"height\":150,\"caption\":\"Bismarcks Erben\"},\"image\":{\"@id\":\"https:\/\/bismarckserben.org\/aktuelles\/#\/schema\/logo\/image\/\"}},{\"@type\":\"Person\",\"@id\":\"https:\/\/bismarckserben.org\/aktuelles\/#\/schema\/person\/9004856bcb989e4e4cabf5965a269de8\",\"name\":\"Sascha171\",\"image\":{\"@type\":\"ImageObject\",\"inLanguage\":\"de\",\"@id\":\"https:\/\/bismarckserben.org\/aktuelles\/#\/schema\/person\/image\/\",\"url\":\"https:\/\/secure.gravatar.com\/avatar\/1e3f022cd8f681d14f459ffaa89a6798?s=96&d=mm&r=g\",\"contentUrl\":\"https:\/\/secure.gravatar.com\/avatar\/1e3f022cd8f681d14f459ffaa89a6798?s=96&d=mm&r=g\",\"caption\":\"Sascha171\"},\"url\":\"https:\/\/bismarckserben.org\/aktuelles\/author\/sascha171\/\"}]}<\/script>\n<!-- \/ Yoast SEO plugin. -->","yoast_head_json":{"title":"Gold f\u00fcr Eisen. - Bismarcks Erben.","robots":{"index":"index","follow":"follow","max-snippet":"max-snippet:-1","max-image-preview":"max-image-preview:large","max-video-preview":"max-video-preview:-1"},"canonical":"https:\/\/bismarckserben.org\/aktuelles\/2018-09-04-gold-fuer-eisen\/","og_locale":"de_DE","og_type":"article","og_title":"Gold f\u00fcr Eisen. - Bismarcks Erben.","og_description":"Auch wenn es derzeit noch am pers\u00f6nlichen Engagement hapert, so l\u00e4uft zumindest die finanzielle Unterst\u00fctzung f\u00fcr unser Projekt passabel an. Und so bedanken wir uns herzlich bei all denjenigen, die... Read more &raquo;","og_url":"https:\/\/bismarckserben.org\/aktuelles\/2018-09-04-gold-fuer-eisen\/","og_site_name":"Bismarcks Erben.","article_published_time":"2018-09-04T08:08:37+00:00","article_modified_time":"2018-10-26T16:20:04+00:00","og_image":[{"url":"https:\/\/bismarckserben.org\/aktuelles\/wp-content\/uploads\/2018\/09\/2018-09-03-spenden-150x150.jpg","type":"","width":"","height":""}],"author":"Sascha171","twitter_card":"summary_large_image","twitter_misc":{"Verfasst von":"Sascha171"},"schema":{"@context":"https:\/\/schema.org","@graph":[{"@type":"Article","@id":"https:\/\/bismarckserben.org\/aktuelles\/2018-09-04-gold-fuer-eisen\/#article","isPartOf":{"@id":"https:\/\/bismarckserben.org\/aktuelles\/2018-09-04-gold-fuer-eisen\/"},"author":{"name":"Sascha171","@id":"https:\/\/bismarckserben.org\/aktuelles\/#\/schema\/person\/9004856bcb989e4e4cabf5965a269de8"},"headline":"Gold f\u00fcr Eisen.","datePublished":"2018-09-04T08:08:37+00:00","dateModified":"2018-10-26T16:20:04+00:00","mainEntityOfPage":{"@id":"https:\/\/bismarckserben.org\/aktuelles\/2018-09-04-gold-fuer-eisen\/"},"wordCount":66,"publisher":{"@id":"https:\/\/bismarckserben.org\/aktuelles\/#organization"},"image":{"@id":"https:\/\/bismarckserben.org\/aktuelles\/2018-09-04-gold-fuer-eisen\/#primaryimage"},"thumbnailUrl":"https:\/\/bismarckserben.org\/aktuelles\/wp-content\/uploads\/2018\/09\/2018-09-03-spenden-150x150.jpg","keywords":["Spenden"],"inLanguage":"de"},{"@type":"WebPage","@id":"https:\/\/bismarckserben.org\/aktuelles\/2018-09-04-gold-fuer-eisen\/","url":"https:\/\/bismarckserben.org\/aktuelles\/2018-09-04-gold-fuer-eisen\/","name":"Gold f\u00fcr Eisen. - Bismarcks Erben.","isPartOf":{"@id":"https:\/\/bismarckserben.org\/aktuelles\/#website"},"primaryImageOfPage":{"@id":"https:\/\/bismarckserben.org\/aktuelles\/2018-09-04-gold-fuer-eisen\/#primaryimage"},"image":{"@id":"https:\/\/bismarckserben.org\/aktuelles\/2018-09-04-gold-fuer-eisen\/#primaryimage"},"thumbnailUrl":"https:\/\/bismarckserben.org\/aktuelles\/wp-content\/uploads\/2018\/09\/2018-09-03-spenden-150x150.jpg","datePublished":"2018-09-04T08:08:37+00:00","dateModified":"2018-10-26T16:20:04+00:00","breadcrumb":{"@id":"https:\/\/bismarckserben.org\/aktuelles\/2018-09-04-gold-fuer-eisen\/#breadcrumb"},"inLanguage":"de","potentialAction":[{"@type":"ReadAction","target":["https:\/\/bismarckserben.org\/aktuelles\/2018-09-04-gold-fuer-eisen\/"]}]},{"@type":"ImageObject","inLanguage":"de","@id":"https:\/\/bismarckserben.org\/aktuelles\/2018-09-04-gold-fuer-eisen\/#primaryimage","url":"https:\/\/bismarckserben.org\/aktuelles\/wp-content\/uploads\/2018\/09\/2018-09-03-spenden.jpg","contentUrl":"https:\/\/bismarckserben.org\/aktuelles\/wp-content\/uploads\/2018\/09\/2018-09-03-spenden.jpg","width":800,"height":600,"caption":"Spenden vom 3. September 2018"},{"@type":"BreadcrumbList","@id":"https:\/\/bismarckserben.org\/aktuelles\/2018-09-04-gold-fuer-eisen\/#breadcrumb","itemListElement":[{"@type":"ListItem","position":1,"name":"Startseite","item":"https:\/\/bismarckserben.org\/aktuelles\/"},{"@type":"ListItem","position":2,"name":"Gold f\u00fcr Eisen."}]},{"@type":"WebSite","@id":"https:\/\/bismarckserben.org\/aktuelles\/#website","url":"https:\/\/bismarckserben.org\/aktuelles\/","name":"Bismarcks Erben.","description":"Reorganisation des deutschen Indigenats.","publisher":{"@id":"https:\/\/bismarckserben.org\/aktuelles\/#organization"},"potentialAction":[{"@type":"SearchAction","target":{"@type":"EntryPoint","urlTemplate":"https:\/\/bismarckserben.org\/aktuelles\/?s={search_term_string}"},"query-input":{"@type":"PropertyValueSpecification","valueRequired":true,"valueName":"search_term_string"}}],"inLanguage":"de"},{"@type":"Organization","@id":"https:\/\/bismarckserben.org\/aktuelles\/#organization","name":"Bismarcks Erben","url":"https:\/\/bismarckserben.org\/aktuelles\/","logo":{"@type":"ImageObject","inLanguage":"de","@id":"https:\/\/bismarckserben.org\/aktuelles\/#\/schema\/logo\/image\/","url":"https:\/\/bismarckserben.org\/aktuelles\/wp-content\/uploads\/2020\/04\/logo-bismarcks-erben-120x150-1.png","contentUrl":"https:\/\/bismarckserben.org\/aktuelles\/wp-content\/uploads\/2020\/04\/logo-bismarcks-erben-120x150-1.png","width":120,"height":150,"caption":"Bismarcks Erben"},"image":{"@id":"https:\/\/bismarckserben.org\/aktuelles\/#\/schema\/logo\/image\/"}},{"@type":"Person","@id":"https:\/\/bismarckserben.org\/aktuelles\/#\/schema\/person\/9004856bcb989e4e4cabf5965a269de8","name":"Sascha171","image":{"@type":"ImageObject","inLanguage":"de","@id":"https:\/\/bismarckserben.org\/aktuelles\/#\/schema\/person\/image\/","url":"https:\/\/secure.gravatar.com\/avatar\/1e3f022cd8f681d14f459ffaa89a6798?s=96&d=mm&r=g","contentUrl":"https:\/\/secure.gravatar.com\/avatar\/1e3f022cd8f681d14f459ffaa89a6798?s=96&d=mm&r=g","caption":"Sascha171"},"url":"https:\/\/bismarckserben.org\/aktuelles\/author\/sascha171\/"}]}},"_links":{"self":[{"href":"https:\/\/bismarckserben.org\/aktuelles\/wp-json\/wp\/v2\/posts\/33","targetHints":{"allow":["GET"]}}],"collection":[{"href":"https:\/\/bismarckserben.org\/aktuelles\/wp-json\/wp\/v2\/posts"}],"about":[{"href":"https:\/\/bismarckserben.org\/aktuelles\/wp-json\/wp\/v2\/types\/post"}],"author":[{"embeddable":true,"href":"https:\/\/bismarckserben.org\/aktuelles\/wp-json\/wp\/v2\/users\/1"}],"replies":[{"embeddable":true,"href":"https:\/\/bismarckserben.org\/aktuelles\/wp-json\/wp\/v2\/comments?post=33"}],"version-history":[{"count":1,"href":"https:\/\/bismarckserben.org\/aktuelles\/wp-json\/wp\/v2\/posts\/33\/revisions"}],"predecessor-version":[{"id":35,"href":"https:\/\/bismarckserben.org\/aktuelles\/wp-json\/wp\/v2\/posts\/33\/revisions\/35"}],"wp:attachment":[{"href":"https:\/\/bismarckserben.org\/aktuelles\/wp-json\/wp\/v2\/media?parent=33"}],"wp:term":[{"taxonomy":"category","embeddable":true,"href":"https:\/\/bismarckserben.org\/aktuelles\/wp-json\/wp\/v2\/categories?post=33"},{"taxonomy":"post_tag","embeddable":true,"href":"https:\/\/bismarckserben.org\/aktuelles\/wp-json\/wp\/v2\/tags?post=33"}],"curies":[{"name":"wp","href":"https:\/\/api.w.org\/{rel}","templated":true}]}}