{"id":158,"date":"1871-01-18T11:50:25","date_gmt":"1871-01-18T10:56:57","guid":{"rendered":"https:\/\/bismarckserben.org\/aktuelles\/?p=158"},"modified":"2021-01-26T14:24:03","modified_gmt":"2021-01-26T13:24:03","slug":"jahrestag-der-reichsgruendung","status":"publish","type":"post","link":"https:\/\/bismarckserben.org\/aktuelles\/1871-01-18-jahrestag-der-reichsgruendung\/","title":{"rendered":"Jahrestag der Reichsgr\u00fcndung"},"content":{"rendered":"<p><strong>&#8222;Die deutsche Einheit ist gemacht und der Kaiser auch. Es ist ein Ereignis.&#8220;<\/strong> Mit diesen n\u00fcchternen Worten stellt Otto von Bismarck im Dezember 1870 fest, dass sein Ziel erreicht ist: Die Einigung der deutschen V\u00f6lker zu einem ewigen Bund, dem neuen Deutschen Reich.<\/p>\n<p><a href=\"https:\/\/bismarckserben.org\/aktuelles\/wp-content\/uploads\/2019\/01\/1871-01-18-deutsches-reich-ausrufung-versailles-1885.jpg\"><img loading=\"lazy\" decoding=\"async\" class=\"alignleft size-thumbnail wp-image-162\" src=\"https:\/\/bismarckserben.org\/aktuelles\/wp-content\/uploads\/2019\/01\/1871-01-18-deutsches-reich-ausrufung-versailles-1885-150x150.jpg\" alt=\"Ausrufung des Deutschen Kaisers im Spiegelsaal von Versailles 1871\" width=\"150\" height=\"150\" srcset=\"https:\/\/bismarckserben.org\/aktuelles\/wp-content\/uploads\/2019\/01\/1871-01-18-deutsches-reich-ausrufung-versailles-1885-150x150.jpg 150w, https:\/\/bismarckserben.org\/aktuelles\/wp-content\/uploads\/2019\/01\/1871-01-18-deutsches-reich-ausrufung-versailles-1885-180x180.jpg 180w\" sizes=\"auto, (max-width: 150px) 100vw, 150px\" \/><\/a>Den Verhandlungen zu den Verfassungsvertr\u00e4gen im Dezember folgte die Proklamation des Kaiserreiches: Im Spiegelsaal von Versailles wurde am 18. Januar 1871 Wilhelm I. von 25 deutschen F\u00fcrsten zum Deutschen Kaiser ausgerufen und damit die 65 Jahre w\u00e4hrende deutsche Sehnsucht nach der Einheit des Reiches gestillt.<\/p>\n<p><strong>&#8222;Die Reichsverfassung sichert der deutschen Nation die v\u00f6lkerrechtliche Existenz.&#8220;<\/strong> fa\u00dft Reichsgr\u00fcnder Otto von Bismarck sein Werk kurz und knapp zusammen. Und er konnte stolz darauf sein: Das von ihm neuverfasste Deutsche Reich, fortan ein konstitutioneller Bundesstaat wie die Schweiz und die Vereinigten Staaten von Amerika, entwickelte sich pr\u00e4chtig. So pr\u00e4chtig, dass die ehemalige britische Premierministerin Magret Thatcher auf dem Parteitag der Konservativen 2011 offen einr\u00e4umte: &#8222;Nach meiner Auffassung befinden wir uns seit 1871 im Kriegszustand mit Deutschland.&#8220;<\/p>\n<p>Tats\u00e4chlich sahen sowohl England (<a href=\"https:\/\/wahrhaftdeutsch.wordpress.com\/2017\/05\/25\/krieg-gegen-die-deutsche-wirtschaftskraft\/\" target=\"_blank\" rel=\"noopener\">Krieg gegen die deutsche Wirtschaftskraft<\/a>) als auch der Vatikan (<a href=\"https:\/\/bismarckserben.org\/aktuelles\/2018-09-11-das-gottesgnadentum-des-deutschen-kaisers\/\" target=\"_blank\" rel=\"noopener\">Gegenreformation<\/a>) keinen anderen Weg, die deutsche Entwicklung zu bremsen, als einen Krieg vom Zaun zu brechen. Dieser Krieg, lange entwickelt und vorbereitet, dann 1914 endlich zum Ausbruch gebracht, dauert nicht nur bis heute an &#8211; er wurde mit dem Jahr 1917 zum Weltenbrand ausgeweitet. Mittels bolschewistischem Putsch in Russland und marxistischem Putsch im Deutschen Reich wurde der Grundstein f\u00fcr das Fortdauern des Krieges mit zigmillionenfachem Tod gelegt.<\/p>\n<p>Mittlerweile dauert dieser Krieg 104 Jahre an, doch das einzige Volk, das diesen Zustand der Finsternis beenden kann, n\u00e4mlich die Deutschen, kann durch jahrzehntelange Umerziehung und Indoktrination nicht mehr begeifen, welche wichtige Rolle es in dieser Welt spielt, ja spielen muss.<\/p>\n<p><strong>&#8222;Solange in Deutschland das Wort &#8218;Reich&#8216; als Ausdruck der nationalen Einheit besteht,&#8230; m\u00fcssen wir das Wort &#8218;Reich&#8216; und alles, was es heute bedeutet, zu eliminieren suchen.&#8220;<\/strong> gab US-Pr\u00e4sident Roosevelt auf der Konferenz von Jalta im Jahre 1945 zu Protokoll und wir m\u00fcssen heute feststellen, dass die Vorgabe mehr als erf\u00fcllt wurde. Mit Greuelpropaganda wurde den Deutschen ihr kostbares Erbe derma\u00dfen verlitten, dass sie es lieber an den Auswurf fremder V\u00f6lker verschenken lassen als selbst das Erbe anzutreten.<\/p>\n<p><strong><a href=\"https:\/\/bismarckserben.org\/aktuelles\/wp-content\/uploads\/2019\/01\/teschendorf-1.jpg\"><img loading=\"lazy\" decoding=\"async\" class=\"alignleft size-medium wp-image-163\" src=\"https:\/\/bismarckserben.org\/aktuelles\/wp-content\/uploads\/2019\/01\/teschendorf-1-300x240.jpg\" alt=\"Ehre den Reichsgr\u00fcndern\" width=\"300\" height=\"240\" srcset=\"https:\/\/bismarckserben.org\/aktuelles\/wp-content\/uploads\/2019\/01\/teschendorf-1-300x240.jpg 300w, https:\/\/bismarckserben.org\/aktuelles\/wp-content\/uploads\/2019\/01\/teschendorf-1-768x614.jpg 768w, https:\/\/bismarckserben.org\/aktuelles\/wp-content\/uploads\/2019\/01\/teschendorf-1-1024x818.jpg 1024w, https:\/\/bismarckserben.org\/aktuelles\/wp-content\/uploads\/2019\/01\/teschendorf-1-624x499.jpg 624w, https:\/\/bismarckserben.org\/aktuelles\/wp-content\/uploads\/2019\/01\/teschendorf-1.jpg 1280w\" sizes=\"auto, (max-width: 300px) 100vw, 300px\" \/><\/a>&#8222;Deutschland hat die beste Regierungsform der Welt.&#8220;<\/strong> stellte Hans Delbr\u00fcck in seinem 1913 in New York erschienen Buch &#8222;Government and the Will of the people&#8220; (zu dt. Regierung und der Wille des Volkes) fest. Damit stellte er der Bismarck&#8217;schen Reichsverfassung ein makelloses Zeugnis aus und jeder, der sich mit dieser <a href=\"https:\/\/bismarckserben.org\/aktuelles\/2018-10-14-empfehlung-bazille-unsere-reichsverfassung\/\">Verfassung der deutschen Einheit<\/a> intensiver besch\u00e4ftigt, wird zu dem gleichen Schluss kommen.<\/p>\n<p>Heute ist der 18. Januar des Jahres 2019, es ist der 148. Jahrestag der Reichsgr\u00fcndung. Nutzen wir diesen Tag zum Gedenken, zur Erinnerung und zur Mahnung. <a href=\"https:\/\/bismarckserben.org\/aktuelles\/2019-01-15-gedenken-in-teterow-am-18-1-19\/\">Gehen wir heute raus<\/a> und erinnern wir die Deutschen daran, welch kostbares Erbe unsere V\u00e4ter uns hinterlassen haben und mahnen wir unsere Pflicht an, die an dieses Erbe gebunden ist: <strong>Die f\u00fchrende Rolle bei der Herstellung des Weltfriedens zu \u00fcbernehmen.<\/strong><\/p>\n","protected":false},"excerpt":{"rendered":"<p>&#8222;Die deutsche Einheit ist gemacht und der Kaiser auch. Es ist ein Ereignis.&#8220; Mit diesen n\u00fcchternen Worten stellt Otto von Bismarck im Dezember 1870 fest, dass sein Ziel erreicht ist:&#8230; <a class=\"read-more-link\" href=\"https:\/\/bismarckserben.org\/aktuelles\/1871-01-18-jahrestag-der-reichsgruendung\/\">Read more &raquo;<\/a><\/p>\n","protected":false},"author":1,"featured_media":155,"comment_status":"open","ping_status":"open","sticky":false,"template":"","format":"standard","meta":{"footnotes":""},"categories":[30],"tags":[40,23,35,21,26,11],"class_list":["post-158","post","type-post","status-publish","format-standard","has-post-thumbnail","hentry","category-geschichte","tag-england","tag-frieden","tag-gedenken","tag-kriegszustand","tag-reichsverfassung","tag-vatikan"],"yoast_head":"<!-- This site is optimized with the Yoast SEO plugin v24.3 - https:\/\/yoast.com\/wordpress\/plugins\/seo\/ -->\n<title>Jahrestag der Reichsgr\u00fcndung - Bismarcks Erben.<\/title>\n<meta name=\"robots\" content=\"index, follow, max-snippet:-1, max-image-preview:large, max-video-preview:-1\" \/>\n<link rel=\"canonical\" href=\"https:\/\/bismarckserben.org\/aktuelles\/1871-01-18-jahrestag-der-reichsgruendung\/\" \/>\n<meta property=\"og:locale\" content=\"de_DE\" \/>\n<meta property=\"og:type\" content=\"article\" \/>\n<meta property=\"og:title\" content=\"Jahrestag der Reichsgr\u00fcndung - Bismarcks Erben.\" \/>\n<meta property=\"og:description\" content=\"&#8222;Die deutsche Einheit ist gemacht und der Kaiser auch. Es ist ein Ereignis.&#8220; Mit diesen n\u00fcchternen Worten stellt Otto von Bismarck im Dezember 1870 fest, dass sein Ziel erreicht ist:... Read more &raquo;\" \/>\n<meta property=\"og:url\" content=\"https:\/\/bismarckserben.org\/aktuelles\/1871-01-18-jahrestag-der-reichsgruendung\/\" \/>\n<meta property=\"og:site_name\" content=\"Bismarcks Erben.\" \/>\n<meta property=\"article:published_time\" content=\"1871-01-18T10:56:57+00:00\" \/>\n<meta property=\"article:modified_time\" content=\"2021-01-26T13:24:03+00:00\" \/>\n<meta property=\"og:image\" content=\"https:\/\/bismarckserben.org\/aktuelles\/wp-content\/uploads\/2019\/01\/2019-01-18-reichsgruendung-1871.jpg\" \/>\n\t<meta property=\"og:image:width\" content=\"1024\" \/>\n\t<meta property=\"og:image:height\" content=\"768\" \/>\n\t<meta property=\"og:image:type\" content=\"image\/jpeg\" \/>\n<meta name=\"author\" content=\"Sascha171\" \/>\n<meta name=\"twitter:card\" content=\"summary_large_image\" \/>\n<meta name=\"twitter:label1\" content=\"Verfasst von\" \/>\n\t<meta name=\"twitter:data1\" content=\"Sascha171\" \/>\n\t<meta name=\"twitter:label2\" content=\"Gesch\u00e4tzte Lesezeit\" \/>\n\t<meta name=\"twitter:data2\" content=\"3\u00a0Minuten\" \/>\n<script type=\"application\/ld+json\" class=\"yoast-schema-graph\">{\"@context\":\"https:\/\/schema.org\",\"@graph\":[{\"@type\":\"Article\",\"@id\":\"https:\/\/bismarckserben.org\/aktuelles\/1871-01-18-jahrestag-der-reichsgruendung\/#article\",\"isPartOf\":{\"@id\":\"https:\/\/bismarckserben.org\/aktuelles\/1871-01-18-jahrestag-der-reichsgruendung\/\"},\"author\":{\"name\":\"Sascha171\",\"@id\":\"https:\/\/bismarckserben.org\/aktuelles\/#\/schema\/person\/9004856bcb989e4e4cabf5965a269de8\"},\"headline\":\"Jahrestag der Reichsgr\u00fcndung\",\"datePublished\":\"1871-01-18T10:56:57+00:00\",\"dateModified\":\"2021-01-26T13:24:03+00:00\",\"mainEntityOfPage\":{\"@id\":\"https:\/\/bismarckserben.org\/aktuelles\/1871-01-18-jahrestag-der-reichsgruendung\/\"},\"wordCount\":506,\"commentCount\":1,\"publisher\":{\"@id\":\"https:\/\/bismarckserben.org\/aktuelles\/#organization\"},\"image\":{\"@id\":\"https:\/\/bismarckserben.org\/aktuelles\/1871-01-18-jahrestag-der-reichsgruendung\/#primaryimage\"},\"thumbnailUrl\":\"https:\/\/bismarckserben.org\/aktuelles\/wp-content\/uploads\/2019\/01\/2019-01-18-reichsgruendung-1871.jpg\",\"keywords\":[\"England\",\"Frieden\",\"Gedenken\",\"Kriegszustand\",\"Reichsverfassung\",\"Vatikan\"],\"articleSection\":[\"Geschichte\"],\"inLanguage\":\"de\",\"potentialAction\":[{\"@type\":\"CommentAction\",\"name\":\"Comment\",\"target\":[\"https:\/\/bismarckserben.org\/aktuelles\/1871-01-18-jahrestag-der-reichsgruendung\/#respond\"]}]},{\"@type\":\"WebPage\",\"@id\":\"https:\/\/bismarckserben.org\/aktuelles\/1871-01-18-jahrestag-der-reichsgruendung\/\",\"url\":\"https:\/\/bismarckserben.org\/aktuelles\/1871-01-18-jahrestag-der-reichsgruendung\/\",\"name\":\"Jahrestag der Reichsgr\u00fcndung - Bismarcks Erben.\",\"isPartOf\":{\"@id\":\"https:\/\/bismarckserben.org\/aktuelles\/#website\"},\"primaryImageOfPage\":{\"@id\":\"https:\/\/bismarckserben.org\/aktuelles\/1871-01-18-jahrestag-der-reichsgruendung\/#primaryimage\"},\"image\":{\"@id\":\"https:\/\/bismarckserben.org\/aktuelles\/1871-01-18-jahrestag-der-reichsgruendung\/#primaryimage\"},\"thumbnailUrl\":\"https:\/\/bismarckserben.org\/aktuelles\/wp-content\/uploads\/2019\/01\/2019-01-18-reichsgruendung-1871.jpg\",\"datePublished\":\"1871-01-18T10:56:57+00:00\",\"dateModified\":\"2021-01-26T13:24:03+00:00\",\"breadcrumb\":{\"@id\":\"https:\/\/bismarckserben.org\/aktuelles\/1871-01-18-jahrestag-der-reichsgruendung\/#breadcrumb\"},\"inLanguage\":\"de\",\"potentialAction\":[{\"@type\":\"ReadAction\",\"target\":[\"https:\/\/bismarckserben.org\/aktuelles\/1871-01-18-jahrestag-der-reichsgruendung\/\"]}]},{\"@type\":\"ImageObject\",\"inLanguage\":\"de\",\"@id\":\"https:\/\/bismarckserben.org\/aktuelles\/1871-01-18-jahrestag-der-reichsgruendung\/#primaryimage\",\"url\":\"https:\/\/bismarckserben.org\/aktuelles\/wp-content\/uploads\/2019\/01\/2019-01-18-reichsgruendung-1871.jpg\",\"contentUrl\":\"https:\/\/bismarckserben.org\/aktuelles\/wp-content\/uploads\/2019\/01\/2019-01-18-reichsgruendung-1871.jpg\",\"width\":1024,\"height\":768,\"caption\":\"Reichsgr\u00fcndung 1871\"},{\"@type\":\"BreadcrumbList\",\"@id\":\"https:\/\/bismarckserben.org\/aktuelles\/1871-01-18-jahrestag-der-reichsgruendung\/#breadcrumb\",\"itemListElement\":[{\"@type\":\"ListItem\",\"position\":1,\"name\":\"Startseite\",\"item\":\"https:\/\/bismarckserben.org\/aktuelles\/\"},{\"@type\":\"ListItem\",\"position\":2,\"name\":\"Jahrestag der Reichsgr\u00fcndung\"}]},{\"@type\":\"WebSite\",\"@id\":\"https:\/\/bismarckserben.org\/aktuelles\/#website\",\"url\":\"https:\/\/bismarckserben.org\/aktuelles\/\",\"name\":\"Bismarcks Erben.\",\"description\":\"Reorganisation des deutschen Indigenats.\",\"publisher\":{\"@id\":\"https:\/\/bismarckserben.org\/aktuelles\/#organization\"},\"potentialAction\":[{\"@type\":\"SearchAction\",\"target\":{\"@type\":\"EntryPoint\",\"urlTemplate\":\"https:\/\/bismarckserben.org\/aktuelles\/?s={search_term_string}\"},\"query-input\":{\"@type\":\"PropertyValueSpecification\",\"valueRequired\":true,\"valueName\":\"search_term_string\"}}],\"inLanguage\":\"de\"},{\"@type\":\"Organization\",\"@id\":\"https:\/\/bismarckserben.org\/aktuelles\/#organization\",\"name\":\"Bismarcks Erben\",\"url\":\"https:\/\/bismarckserben.org\/aktuelles\/\",\"logo\":{\"@type\":\"ImageObject\",\"inLanguage\":\"de\",\"@id\":\"https:\/\/bismarckserben.org\/aktuelles\/#\/schema\/logo\/image\/\",\"url\":\"https:\/\/bismarckserben.org\/aktuelles\/wp-content\/uploads\/2020\/04\/logo-bismarcks-erben-120x150-1.png\",\"contentUrl\":\"https:\/\/bismarckserben.org\/aktuelles\/wp-content\/uploads\/2020\/04\/logo-bismarcks-erben-120x150-1.png\",\"width\":120,\"height\":150,\"caption\":\"Bismarcks Erben\"},\"image\":{\"@id\":\"https:\/\/bismarckserben.org\/aktuelles\/#\/schema\/logo\/image\/\"}},{\"@type\":\"Person\",\"@id\":\"https:\/\/bismarckserben.org\/aktuelles\/#\/schema\/person\/9004856bcb989e4e4cabf5965a269de8\",\"name\":\"Sascha171\",\"image\":{\"@type\":\"ImageObject\",\"inLanguage\":\"de\",\"@id\":\"https:\/\/bismarckserben.org\/aktuelles\/#\/schema\/person\/image\/\",\"url\":\"https:\/\/secure.gravatar.com\/avatar\/1e3f022cd8f681d14f459ffaa89a6798?s=96&d=mm&r=g\",\"contentUrl\":\"https:\/\/secure.gravatar.com\/avatar\/1e3f022cd8f681d14f459ffaa89a6798?s=96&d=mm&r=g\",\"caption\":\"Sascha171\"},\"url\":\"https:\/\/bismarckserben.org\/aktuelles\/author\/sascha171\/\"}]}<\/script>\n<!-- \/ Yoast SEO plugin. -->","yoast_head_json":{"title":"Jahrestag der Reichsgr\u00fcndung - Bismarcks Erben.","robots":{"index":"index","follow":"follow","max-snippet":"max-snippet:-1","max-image-preview":"max-image-preview:large","max-video-preview":"max-video-preview:-1"},"canonical":"https:\/\/bismarckserben.org\/aktuelles\/1871-01-18-jahrestag-der-reichsgruendung\/","og_locale":"de_DE","og_type":"article","og_title":"Jahrestag der Reichsgr\u00fcndung - Bismarcks Erben.","og_description":"&#8222;Die deutsche Einheit ist gemacht und der Kaiser auch. Es ist ein Ereignis.&#8220; Mit diesen n\u00fcchternen Worten stellt Otto von Bismarck im Dezember 1870 fest, dass sein Ziel erreicht ist:... Read more &raquo;","og_url":"https:\/\/bismarckserben.org\/aktuelles\/1871-01-18-jahrestag-der-reichsgruendung\/","og_site_name":"Bismarcks Erben.","article_published_time":"1871-01-18T10:56:57+00:00","article_modified_time":"2021-01-26T13:24:03+00:00","og_image":[{"width":1024,"height":768,"url":"https:\/\/bismarckserben.org\/aktuelles\/wp-content\/uploads\/2019\/01\/2019-01-18-reichsgruendung-1871.jpg","type":"image\/jpeg"}],"author":"Sascha171","twitter_card":"summary_large_image","twitter_misc":{"Verfasst von":"Sascha171","Gesch\u00e4tzte Lesezeit":"3\u00a0Minuten"},"schema":{"@context":"https:\/\/schema.org","@graph":[{"@type":"Article","@id":"https:\/\/bismarckserben.org\/aktuelles\/1871-01-18-jahrestag-der-reichsgruendung\/#article","isPartOf":{"@id":"https:\/\/bismarckserben.org\/aktuelles\/1871-01-18-jahrestag-der-reichsgruendung\/"},"author":{"name":"Sascha171","@id":"https:\/\/bismarckserben.org\/aktuelles\/#\/schema\/person\/9004856bcb989e4e4cabf5965a269de8"},"headline":"Jahrestag der Reichsgr\u00fcndung","datePublished":"1871-01-18T10:56:57+00:00","dateModified":"2021-01-26T13:24:03+00:00","mainEntityOfPage":{"@id":"https:\/\/bismarckserben.org\/aktuelles\/1871-01-18-jahrestag-der-reichsgruendung\/"},"wordCount":506,"commentCount":1,"publisher":{"@id":"https:\/\/bismarckserben.org\/aktuelles\/#organization"},"image":{"@id":"https:\/\/bismarckserben.org\/aktuelles\/1871-01-18-jahrestag-der-reichsgruendung\/#primaryimage"},"thumbnailUrl":"https:\/\/bismarckserben.org\/aktuelles\/wp-content\/uploads\/2019\/01\/2019-01-18-reichsgruendung-1871.jpg","keywords":["England","Frieden","Gedenken","Kriegszustand","Reichsverfassung","Vatikan"],"articleSection":["Geschichte"],"inLanguage":"de","potentialAction":[{"@type":"CommentAction","name":"Comment","target":["https:\/\/bismarckserben.org\/aktuelles\/1871-01-18-jahrestag-der-reichsgruendung\/#respond"]}]},{"@type":"WebPage","@id":"https:\/\/bismarckserben.org\/aktuelles\/1871-01-18-jahrestag-der-reichsgruendung\/","url":"https:\/\/bismarckserben.org\/aktuelles\/1871-01-18-jahrestag-der-reichsgruendung\/","name":"Jahrestag der Reichsgr\u00fcndung - Bismarcks Erben.","isPartOf":{"@id":"https:\/\/bismarckserben.org\/aktuelles\/#website"},"primaryImageOfPage":{"@id":"https:\/\/bismarckserben.org\/aktuelles\/1871-01-18-jahrestag-der-reichsgruendung\/#primaryimage"},"image":{"@id":"https:\/\/bismarckserben.org\/aktuelles\/1871-01-18-jahrestag-der-reichsgruendung\/#primaryimage"},"thumbnailUrl":"https:\/\/bismarckserben.org\/aktuelles\/wp-content\/uploads\/2019\/01\/2019-01-18-reichsgruendung-1871.jpg","datePublished":"1871-01-18T10:56:57+00:00","dateModified":"2021-01-26T13:24:03+00:00","breadcrumb":{"@id":"https:\/\/bismarckserben.org\/aktuelles\/1871-01-18-jahrestag-der-reichsgruendung\/#breadcrumb"},"inLanguage":"de","potentialAction":[{"@type":"ReadAction","target":["https:\/\/bismarckserben.org\/aktuelles\/1871-01-18-jahrestag-der-reichsgruendung\/"]}]},{"@type":"ImageObject","inLanguage":"de","@id":"https:\/\/bismarckserben.org\/aktuelles\/1871-01-18-jahrestag-der-reichsgruendung\/#primaryimage","url":"https:\/\/bismarckserben.org\/aktuelles\/wp-content\/uploads\/2019\/01\/2019-01-18-reichsgruendung-1871.jpg","contentUrl":"https:\/\/bismarckserben.org\/aktuelles\/wp-content\/uploads\/2019\/01\/2019-01-18-reichsgruendung-1871.jpg","width":1024,"height":768,"caption":"Reichsgr\u00fcndung 1871"},{"@type":"BreadcrumbList","@id":"https:\/\/bismarckserben.org\/aktuelles\/1871-01-18-jahrestag-der-reichsgruendung\/#breadcrumb","itemListElement":[{"@type":"ListItem","position":1,"name":"Startseite","item":"https:\/\/bismarckserben.org\/aktuelles\/"},{"@type":"ListItem","position":2,"name":"Jahrestag der Reichsgr\u00fcndung"}]},{"@type":"WebSite","@id":"https:\/\/bismarckserben.org\/aktuelles\/#website","url":"https:\/\/bismarckserben.org\/aktuelles\/","name":"Bismarcks Erben.","description":"Reorganisation des deutschen Indigenats.","publisher":{"@id":"https:\/\/bismarckserben.org\/aktuelles\/#organization"},"potentialAction":[{"@type":"SearchAction","target":{"@type":"EntryPoint","urlTemplate":"https:\/\/bismarckserben.org\/aktuelles\/?s={search_term_string}"},"query-input":{"@type":"PropertyValueSpecification","valueRequired":true,"valueName":"search_term_string"}}],"inLanguage":"de"},{"@type":"Organization","@id":"https:\/\/bismarckserben.org\/aktuelles\/#organization","name":"Bismarcks Erben","url":"https:\/\/bismarckserben.org\/aktuelles\/","logo":{"@type":"ImageObject","inLanguage":"de","@id":"https:\/\/bismarckserben.org\/aktuelles\/#\/schema\/logo\/image\/","url":"https:\/\/bismarckserben.org\/aktuelles\/wp-content\/uploads\/2020\/04\/logo-bismarcks-erben-120x150-1.png","contentUrl":"https:\/\/bismarckserben.org\/aktuelles\/wp-content\/uploads\/2020\/04\/logo-bismarcks-erben-120x150-1.png","width":120,"height":150,"caption":"Bismarcks Erben"},"image":{"@id":"https:\/\/bismarckserben.org\/aktuelles\/#\/schema\/logo\/image\/"}},{"@type":"Person","@id":"https:\/\/bismarckserben.org\/aktuelles\/#\/schema\/person\/9004856bcb989e4e4cabf5965a269de8","name":"Sascha171","image":{"@type":"ImageObject","inLanguage":"de","@id":"https:\/\/bismarckserben.org\/aktuelles\/#\/schema\/person\/image\/","url":"https:\/\/secure.gravatar.com\/avatar\/1e3f022cd8f681d14f459ffaa89a6798?s=96&d=mm&r=g","contentUrl":"https:\/\/secure.gravatar.com\/avatar\/1e3f022cd8f681d14f459ffaa89a6798?s=96&d=mm&r=g","caption":"Sascha171"},"url":"https:\/\/bismarckserben.org\/aktuelles\/author\/sascha171\/"}]}},"_links":{"self":[{"href":"https:\/\/bismarckserben.org\/aktuelles\/wp-json\/wp\/v2\/posts\/158","targetHints":{"allow":["GET"]}}],"collection":[{"href":"https:\/\/bismarckserben.org\/aktuelles\/wp-json\/wp\/v2\/posts"}],"about":[{"href":"https:\/\/bismarckserben.org\/aktuelles\/wp-json\/wp\/v2\/types\/post"}],"author":[{"embeddable":true,"href":"https:\/\/bismarckserben.org\/aktuelles\/wp-json\/wp\/v2\/users\/1"}],"replies":[{"embeddable":true,"href":"https:\/\/bismarckserben.org\/aktuelles\/wp-json\/wp\/v2\/comments?post=158"}],"version-history":[{"count":4,"href":"https:\/\/bismarckserben.org\/aktuelles\/wp-json\/wp\/v2\/posts\/158\/revisions"}],"predecessor-version":[{"id":165,"href":"https:\/\/bismarckserben.org\/aktuelles\/wp-json\/wp\/v2\/posts\/158\/revisions\/165"}],"wp:featuredmedia":[{"embeddable":true,"href":"https:\/\/bismarckserben.org\/aktuelles\/wp-json\/wp\/v2\/media\/155"}],"wp:attachment":[{"href":"https:\/\/bismarckserben.org\/aktuelles\/wp-json\/wp\/v2\/media?parent=158"}],"wp:term":[{"taxonomy":"category","embeddable":true,"href":"https:\/\/bismarckserben.org\/aktuelles\/wp-json\/wp\/v2\/categories?post=158"},{"taxonomy":"post_tag","embeddable":true,"href":"https:\/\/bismarckserben.org\/aktuelles\/wp-json\/wp\/v2\/tags?post=158"}],"curies":[{"name":"wp","href":"https:\/\/api.w.org\/{rel}","templated":true}]}}