{"id":104,"date":"2018-11-05T23:37:38","date_gmt":"2018-11-05T22:37:38","guid":{"rendered":"https:\/\/bismarckserben.org\/aktuelles\/?p=104"},"modified":"2022-07-09T14:19:59","modified_gmt":"2022-07-09T12:19:59","slug":"mythos-reichsbuerger-entlarvt","status":"publish","type":"post","link":"https:\/\/bismarckserben.org\/aktuelles\/2018-11-05-mythos-reichsbuerger-entlarvt\/","title":{"rendered":"Mythos Reichsb\u00fcrger entlarvt"},"content":{"rendered":"<p><img loading=\"lazy\" decoding=\"async\" class=\"alignnone size-full wp-image-105\" src=\"https:\/\/bismarckserben.org\/aktuelles\/wp-content\/uploads\/2018\/11\/dem-deutschen-volke.jpg\" alt=\"Reichstag: Dem Deutschen Volke\" width=\"844\" height=\"587\" srcset=\"https:\/\/bismarckserben.org\/aktuelles\/wp-content\/uploads\/2018\/11\/dem-deutschen-volke.jpg 844w, https:\/\/bismarckserben.org\/aktuelles\/wp-content\/uploads\/2018\/11\/dem-deutschen-volke-300x209.jpg 300w, https:\/\/bismarckserben.org\/aktuelles\/wp-content\/uploads\/2018\/11\/dem-deutschen-volke-768x534.jpg 768w, https:\/\/bismarckserben.org\/aktuelles\/wp-content\/uploads\/2018\/11\/dem-deutschen-volke-624x434.jpg 624w\" sizes=\"auto, (max-width: 844px) 100vw, 844px\" \/><\/p>\n<p>Artikel als Podcast anh\u00f6ren:<br \/>\n<iframe loading=\"lazy\" src=\"https:\/\/anchor.fm\/bismarcks-erben\/embed\/episodes\/Mythos-Reichsbrger-entlarvt--Bismarcks-Erben-e13164e\" width=\"800px\" height=\"204px\" frameborder=\"0\" scrolling=\"no\"><\/iframe><\/p>\n<p>Seit etwas mehr als zwei Jahren werden sog. &#8222;Reichsb\u00fcrger&#8220; unter medialen Dauerbeschuss genommen, jeder hat davon geh\u00f6rt doch niemand weiss, worum es sich dabei handelt. Seitens der Medien wird es stets tunlichst vermieden, eine exakte Definition daf\u00fcr zu geben, was ein Reichsb\u00fcrger denn eigentlich genau ist. Das hat uns veranlasst, den Begriff Reichsb\u00fcrger unter die Lupe zu nehmen. Was wir auf unserer Reise durch die deutsche Rechts-Geschichte entdeckt haben, ist erstaunlich und d\u00fcrfte selbst diejenigen \u00fcberraschen, die sich f\u00fcr aufgekl\u00e4rt halten.<\/p>\n<p><strong>Die letzten Reichsb\u00fcrger<\/strong><br \/>\nMittlerweile herrscht in weiten Kreisen die Meinung vor, dass es Adolf Hitler war, der den Begriff des Reichsb\u00fcrgers pr\u00e4gte. Und tats\u00e4chlich finden wir das vom &#8222;F\u00fchrer und Reichskanzler&#8220; der Weimarer Republik erlassene<\/p>\n<p><strong>Reichsb\u00fcrgergesetz vom 15. September 1935<\/strong><\/p>\n<blockquote><p>Der Reichstag hat einstimmig das folgende Gesetz beschlossen, das hiermit verk\u00fcndet wird:<\/p>\n<p>\u00a7 1<br \/>\n(1) Staatsangeh\u00f6riger ist, wer dem <strong>Schutzverband des Deutschen Reiches<\/strong> angeh\u00f6rt und ihm daf\u00fcr besonders verpflichtet ist.<br \/>\n(2) Die Staatsangeh\u00f6rigkeit wird nach den Vorschriften des Reichs- und Staatsangeh\u00f6rigkeitsgesetzes erworben.<\/p>\n<p>\u00a7 2<br \/>\n(1) <strong>Reichsb\u00fcrger ist nur der Staatsangeh\u00f6rige deutschen oder artverwandten Blutes<\/strong>, der durch sein Verhalten beweist, da\u00df er gewillt und geeignet ist, in Treue dem Deutschen Volk und Reich zu dienen.<br \/>\n(2) Das Reichsb\u00fcrgerrecht wird durch Verleihung des Reichsb\u00fcrgerbriefes erworben.<br \/>\n(3) <strong>Der Reichsb\u00fcrger ist der alleinige Tr\u00e4ger der vollen politischen Rechte<\/strong> nach Ma\u00dfgabe der Gesetze.<\/p><\/blockquote>\n<p>Es waren also die Nationalsozialisten, die den Begriff des Reichsb\u00fcrgers erfanden und die Verleihung dieses Titels von &#8222;deutschem oder artverwandtem Blut&#8220; abh\u00e4ngig machten? Nein!<\/p>\n<p><strong>1000 Jahre Reichsb\u00fcrgerschaft<\/strong><br \/>\nGr\u00e4bt man tiefer in der deutschen Geschichte und insbesondere in der deutschen Rechtsgeschichte, so wird man finden, dass eine Reichsb\u00fcrgerschaft so lange besteht, wie ein Deutsches Reich besteht: Also \u00fcber 1000 Jahre lang.<\/p>\n<p><strong>Der Reichsb\u00fcrger im Heiligen r\u00f6mischen Reich deutscher Nationen<\/strong><br \/>\nSchon zur Zeit des ersten Deutschen Reiches, dem &#8222;Heiligen r\u00f6mischen Reich deutscher Nationen&#8220; konnte ein allgemeines, jedem Deutschen zust\u00e4ndiges Reichsb\u00fcrgerrecht oder Reichsindigenat neben dem Landesindigenate bestehen und bestand auch in der Tat mit bestimmten Wirkungen. Mit der Aufl\u00f6sung der alten deutschen Reichsverfassung durch Napoleon ging indes der Hauptinhalt des &#8222;<em>deutschen Reichsb\u00fcrgerrechtes<\/em>&#8220; &#8211; der reichsgerichtliche Schutz &#8211; verloren. (Quellennachweis: R\u00f6nne, Zorn &#8211; Das Staatsrecht der Preu\u00dfischen Monarchie, <a href=\"https:\/\/bibliothek.ewigerbund.org\/?rcno_review=roenne-zorn-das-staatsrecht-der-reussischen-monarchie-band-1-1899&amp;seite=620\" target=\"_blank\" rel=\"noopener\">Band 1, 1899, Seite 603<\/a>)<\/p>\n<p><strong>Der Reichsb\u00fcrger im Deutschen Bund<\/strong><br \/>\nBei der Gr\u00fcndung des vormaligen Deutschen Bundes im Jahr 1815 ging man dann mit der Absicht um, den Rechten der deutschen Untertanen eine ausgedehntere Anerkennung und den Schutz des Bundes gegen willk\u00fcrliche Verletzung zu gew\u00e4hren. Dies hatte jedoch schlie\u00dflich kein weiteres Resultat, als dass in die Deutschen Bundesakte vom 8. Juni 1815 die in dem Artikel 18 derselben enthaltene Bestimmung aufgenommen wurden, welche auch wohl als &#8222;Bundesindigenat&#8220; bezeichnet worden sind, dem aber der notwendigste Inhalt des Bundesb\u00fcrgerrechtes und die Anerkennung seiner praktischen Bedeutung dergestalt fehlte, da\u00df der Unterthan eines deutschen Bundesstaates in einem anderen Bundesstaate nicht anders behandelt wurde als ein au\u00dferdeutscher Ausl\u00e4nder. Dies lag in der Natur des Deutschen Bundes, der sich in Form eines Staatenbundes als loser Zusammenschlu\u00df der deutschen Staaten ausgestaltete soda\u00df mit der Bundesakte keine M\u00f6glichkeit bestand, in die hoheitlichen Rechte der Mitgliedstaaten des Bundes einzugreifen.<\/p>\n<p><strong>Der Reichsb\u00fcrger in der Paulskirchenversammlung<\/strong><br \/>\nDie von der Deutschen Nationalversammlung beschlossene deutsche Reichsverfassung vom 28. M\u00e4rz 1849 wollte dagegen ein wirkliches &#8222;<em>deutsches Reichsb\u00fcrgerrecht<\/em>&#8220; mit bestimmten Befugnissen und Grundrechten einf\u00fchren. Wollte, weil die sog. Paulskirchenverfassung nicht ratifiziert wurde und entsprechend nicht in Kraft trat. Mit dem Scheitern der Paulskirchenversammlung galten im Deutschen Bund die Landesgesetzgebungen fort &#8211; jeder deutsche Staat hatte sein eigenes Staatsangeh\u00f6rigkeitsgesetz. Das machte es schwierig, im Bund grenz\u00fcberschreitend gleiche Rechte f\u00fcr Angeh\u00f6rige deutscher Staaten zu schaffen. Die Fortdauer des Zustandes einer im wesentlichen von einander abweichenden Landesgesetzgebungen \u00fcber den Gegenstand einer einheitlichen Rechtsstellung der Deutschen war indes auch vor allem auch mit den Bundesinteressen nicht vereinbar, die Verkn\u00fcpfung der Reichsangeh\u00f6rigkeit mit der Einzelstaatenangeh\u00f6rigkeit erforderte vielmehr die Einf\u00fchrung einheitlicher Normen f\u00fcr den ganzen Bundesstaat.<\/p>\n<p><strong>Der Reichsb\u00fcrger im Norddeutschen Bund<\/strong><br \/>\nBereits die Verfassung des Norddeutschen Bundes hatte denn auch hierf\u00fcr Vorsorge getroffen, indem sie in ihrem Artikel 4 unter Ziffer 1 die Bestimmungen \u00fcber &#8222;Staatsb\u00fcrgerrecht&#8220; unter diejenigen Gegenst\u00e4nde gestellt hatte, welche der &#8222;Beaufsichtigung seitens des Bundes und der Gesetzgebung desselben unterliegen&#8220;, welche Bestimmung demn\u00e4chst auch in die Reichsverfassung von 1871 \u00fcbernommen worden ist. Demgem\u00e4\u00df musste die legislatorische Ordnung der Voraussetzungen, welche f\u00fcr den Erwerb und den Verlust der Eigenschaft als Angeh\u00f6riger eines Einzelstaates ma\u00dfgebend sein sollen, sowie die gesetzliche Regelung der Folgen, n\u00e4mlich des Erwerbes und Verlustes, wie auch der Wirkungen der Reichsangeh\u00f6rigkeit der gesetzgebenden Gewalt des Reiches zufallen.<\/p>\n<p>Diese letztere war daher berufen, durch Begr\u00fcndung eines wahren und vollen, mit der Reichsangeh\u00f6rigkeit sich deckenden Einzelstaatsb\u00fcrgerrechtes <em>ein wirkliches Reichsb\u00fcrgerrecht zu schaffen<\/em>. Aufgrund der Bestimmungen des Art. 4, Ziffer 1 der Verfassung des Norddeutschen Bundes ist das Gesetz des Norddeutschen Bundes vom 1. Juni 1870 \u00fcber den Erwerb und Verlust der Bundes- und Staatsangeh\u00f6rigkeit ergangen, welches an die Stelle der verschiedenen Territorialgesetzgebungen \u00fcber den Erwerb und Verlust der Staatsangeh\u00f6rigkeit ein einheitliches nationales Recht gesetzt und den Grundsatz an die Spitze gestellt hat, da\u00df die Reichsangeh\u00f6rigkeit nur durch die Staatsangeh\u00f6rigkeit in einem Einzelstaate erworben wird. So wurde <em>mittels Reichsangeh\u00f6rigkeit ein Reichsb\u00fcrger mit einheitlichem Reichsb\u00fcrgerrecht in allen Einzelstaaten<\/em> geschaffen.<\/p>\n<p><strong>Der Reichsb\u00fcrger im konstitutionellen Deutschen Reich von 1871<\/strong><\/p>\n<div id=\"attachment_725\" style=\"width: 160px\" class=\"wp-caption alignleft\"><a href=\"https:\/\/bismarckserben.org\/aktuelles\/2018-11-05-mythos-reichsbuerger-entlarvt\/bazille-reichsbuerger-mark\/\" rel=\"attachment wp-att-725\"><img loading=\"lazy\" decoding=\"async\" aria-describedby=\"caption-attachment-725\" class=\"size-thumbnail wp-image-725\" src=\"https:\/\/bismarckserben.org\/aktuelles\/wp-content\/uploads\/2018\/11\/bazille-reichsbuerger-mark-150x150.jpg\" alt=\"\" width=\"150\" height=\"150\" srcset=\"https:\/\/bismarckserben.org\/aktuelles\/wp-content\/uploads\/2018\/11\/bazille-reichsbuerger-mark-150x150.jpg 150w, https:\/\/bismarckserben.org\/aktuelles\/wp-content\/uploads\/2018\/11\/bazille-reichsbuerger-mark-180x180.jpg 180w\" sizes=\"auto, (max-width: 150px) 100vw, 150px\" \/><\/a><p id=\"caption-attachment-725\" class=\"wp-caption-text\">Reichsb\u00fcrger bei Wilhelm Bazille 1906<\/p><\/div>\n<p>Mit dem Beitritt der S\u00fcddeutschen Staaten zum Norddeutschen Bund gr\u00fcndete sich 1871 der Bundesstaat Deutsches Reich, der die Regelungen hinsichtlich der Einzelstaatsangeh\u00f6rigkeiten vom Norddeutschen Bund \u00fcbernahm. Somit gab es auch in Bismarcks Reich den Reichsb\u00fcrger. Entsprechend setzt Wilhelm Bazille in &#8222;Unsere Reichsverfassung und dt. Landesverfassungen&#8220; im Jahr 1906 die Begriffe Reichangeh\u00f6riger, Reichsb\u00fcrger und Deutscher gleich (siehe Bild links). Das \u00e4nderte sich erst am 22. Juli des Jahres 1913, n\u00e4mlich mit der Verabschiedung des Reichs- und Staatsangeh\u00f6rigkeitsrechts (RuStaG).<\/p>\n<p><em>Anstelle des Reichsb\u00fcrgerrechts<\/em> trat nun mit Paragraf 1 des RuStaG die <em>Rechtsstellung als Deutscher<\/em>, die an den Besitz der Staatsangeh\u00f6rigkeit in einem Bundesstaat gekn\u00fcpft ist. In Paragraf 4 des n\u00e4mlichen Gesetzes wird dazu bestimmt, dass die Staatsangeh\u00f6rigkeit von den Eltern auf das Kind vererbt wird: Das Recht des Blutes (ius sanguinis) wurde, nach hitzigen Debatten im Reichstag, end-g\u00fcltig zum gesamtdeutschen Staatsangeh\u00f6rigkeitsrecht. Mit dem RuStaG wurde dem Staatsangeh\u00f6rigen eines Gliedstaates des Deutschen Reiches das Recht einger\u00e4umt, in jedem anderen Gliedstaat des Deutschen Reiches wie ein Einheimischer behandelt zu werden.<\/p>\n<p><strong>Was ist nun also ein sog. &#8222;Reichsb\u00fcrger&#8220;?<\/strong><br \/>\nMit dem Reichsb\u00fcrger wurde zu allen Zeiten im Deutschen Reiche der Angeh\u00f6rige eines deutschen Staates und damit &#8211; vom Heiligen r\u00f6mischen Reich deutscher Nationen bis hin zu Hitlers drittem Reich &#8211; der durch seine Abstammung der deutschen Nation zugeh\u00f6rige Mensch bezeichnet. <strong>Der Reichsb\u00fcrger war demnach stets und zu allen Zeiten ein indigener Deutscher.<\/strong><\/p>\n<p>Wenn nun im gegenw\u00e4rtigen, dem &#8222;besten Deutschland aller Zeiten&#8220;, Reichsb\u00fcrger diffamiert und mediale Hetzjagden auf sie veranstaltet werden, dann ist das nichts anderes als die Diskriminierung eingeborener Deutscher &#8211; in ihrer angestammten Heimat.<\/p>\n<p>&nbsp;<\/p>\n<p>Quellennachweis:<br \/>\n<a href=\"https:\/\/bibliothek.ewigerbund.org\/?rcno_review=roenne-zorn-das-staatsrecht-der-reussischen-monarchie-band-1-1899\" target=\"_blank\" rel=\"noopener noreferrer\">Dr. Ludwig R\u00f6nne &#8211; Das Staatsrecht der preu\u00dfischen Monarchie<\/a><br \/>\nim Kapitel Staatsangeh\u00f6rigkeit<br \/>\nErster Band, in der f\u00fcnften Auflage neu bearbeitet von<br \/>\nDr. Philipp Zorn, erschienen 1899 im Brockhaus Verlag, Leipzig<\/p>\n","protected":false},"excerpt":{"rendered":"<p>Artikel als Podcast anh\u00f6ren: Seit etwas mehr als zwei Jahren werden sog. &#8222;Reichsb\u00fcrger&#8220; unter medialen Dauerbeschuss genommen, jeder hat davon geh\u00f6rt doch niemand weiss, worum es sich dabei handelt. Seitens&#8230; <a class=\"read-more-link\" href=\"https:\/\/bismarckserben.org\/aktuelles\/2018-11-05-mythos-reichsbuerger-entlarvt\/\">Read more &raquo;<\/a><\/p>\n","protected":false},"author":1,"featured_media":105,"comment_status":"open","ping_status":"open","sticky":false,"template":"","format":"standard","meta":{"footnotes":""},"categories":[30],"tags":[32,33,31],"class_list":["post-104","post","type-post","status-publish","format-standard","has-post-thumbnail","hentry","category-geschichte","tag-indigenat","tag-ius-sanguinis","tag-reichsbuerger"],"yoast_head":"<!-- This site is optimized with the Yoast SEO plugin v24.3 - https:\/\/yoast.com\/wordpress\/plugins\/seo\/ -->\n<title>Mythos Reichsb\u00fcrger entlarvt - Bismarcks Erben.<\/title>\n<meta name=\"robots\" content=\"index, follow, max-snippet:-1, max-image-preview:large, max-video-preview:-1\" \/>\n<link rel=\"canonical\" href=\"https:\/\/bismarckserben.org\/aktuelles\/2018-11-05-mythos-reichsbuerger-entlarvt\/\" \/>\n<meta property=\"og:locale\" content=\"de_DE\" \/>\n<meta property=\"og:type\" content=\"article\" \/>\n<meta property=\"og:title\" content=\"Mythos Reichsb\u00fcrger entlarvt - Bismarcks Erben.\" \/>\n<meta property=\"og:description\" content=\"Artikel als Podcast anh\u00f6ren: Seit etwas mehr als zwei Jahren werden sog. &#8222;Reichsb\u00fcrger&#8220; unter medialen Dauerbeschuss genommen, jeder hat davon geh\u00f6rt doch niemand weiss, worum es sich dabei handelt. Seitens... Read more &raquo;\" \/>\n<meta property=\"og:url\" content=\"https:\/\/bismarckserben.org\/aktuelles\/2018-11-05-mythos-reichsbuerger-entlarvt\/\" \/>\n<meta property=\"og:site_name\" content=\"Bismarcks Erben.\" \/>\n<meta property=\"article:published_time\" content=\"2018-11-05T22:37:38+00:00\" \/>\n<meta property=\"article:modified_time\" content=\"2022-07-09T12:19:59+00:00\" \/>\n<meta property=\"og:image\" content=\"https:\/\/bismarckserben.org\/aktuelles\/wp-content\/uploads\/2018\/11\/dem-deutschen-volke.jpg\" \/>\n\t<meta property=\"og:image:width\" content=\"844\" \/>\n\t<meta property=\"og:image:height\" content=\"587\" \/>\n\t<meta property=\"og:image:type\" content=\"image\/jpeg\" \/>\n<meta name=\"author\" content=\"Sascha171\" \/>\n<meta name=\"twitter:card\" content=\"summary_large_image\" \/>\n<meta name=\"twitter:label1\" content=\"Verfasst von\" \/>\n\t<meta name=\"twitter:data1\" content=\"Sascha171\" \/>\n\t<meta name=\"twitter:label2\" content=\"Gesch\u00e4tzte Lesezeit\" \/>\n\t<meta name=\"twitter:data2\" content=\"7\u00a0Minuten\" \/>\n<script type=\"application\/ld+json\" class=\"yoast-schema-graph\">{\"@context\":\"https:\/\/schema.org\",\"@graph\":[{\"@type\":\"Article\",\"@id\":\"https:\/\/bismarckserben.org\/aktuelles\/2018-11-05-mythos-reichsbuerger-entlarvt\/#article\",\"isPartOf\":{\"@id\":\"https:\/\/bismarckserben.org\/aktuelles\/2018-11-05-mythos-reichsbuerger-entlarvt\/\"},\"author\":{\"name\":\"Sascha171\",\"@id\":\"https:\/\/bismarckserben.org\/aktuelles\/#\/schema\/person\/9004856bcb989e4e4cabf5965a269de8\"},\"headline\":\"Mythos Reichsb\u00fcrger entlarvt\",\"datePublished\":\"2018-11-05T22:37:38+00:00\",\"dateModified\":\"2022-07-09T12:19:59+00:00\",\"mainEntityOfPage\":{\"@id\":\"https:\/\/bismarckserben.org\/aktuelles\/2018-11-05-mythos-reichsbuerger-entlarvt\/\"},\"wordCount\":1235,\"commentCount\":4,\"publisher\":{\"@id\":\"https:\/\/bismarckserben.org\/aktuelles\/#organization\"},\"image\":{\"@id\":\"https:\/\/bismarckserben.org\/aktuelles\/2018-11-05-mythos-reichsbuerger-entlarvt\/#primaryimage\"},\"thumbnailUrl\":\"https:\/\/bismarckserben.org\/aktuelles\/wp-content\/uploads\/2018\/11\/dem-deutschen-volke.jpg\",\"keywords\":[\"Indigenat\",\"ius sanguinis\",\"Reichsb\u00fcrger\"],\"articleSection\":[\"Geschichte\"],\"inLanguage\":\"de\",\"potentialAction\":[{\"@type\":\"CommentAction\",\"name\":\"Comment\",\"target\":[\"https:\/\/bismarckserben.org\/aktuelles\/2018-11-05-mythos-reichsbuerger-entlarvt\/#respond\"]}]},{\"@type\":\"WebPage\",\"@id\":\"https:\/\/bismarckserben.org\/aktuelles\/2018-11-05-mythos-reichsbuerger-entlarvt\/\",\"url\":\"https:\/\/bismarckserben.org\/aktuelles\/2018-11-05-mythos-reichsbuerger-entlarvt\/\",\"name\":\"Mythos Reichsb\u00fcrger entlarvt - Bismarcks Erben.\",\"isPartOf\":{\"@id\":\"https:\/\/bismarckserben.org\/aktuelles\/#website\"},\"primaryImageOfPage\":{\"@id\":\"https:\/\/bismarckserben.org\/aktuelles\/2018-11-05-mythos-reichsbuerger-entlarvt\/#primaryimage\"},\"image\":{\"@id\":\"https:\/\/bismarckserben.org\/aktuelles\/2018-11-05-mythos-reichsbuerger-entlarvt\/#primaryimage\"},\"thumbnailUrl\":\"https:\/\/bismarckserben.org\/aktuelles\/wp-content\/uploads\/2018\/11\/dem-deutschen-volke.jpg\",\"datePublished\":\"2018-11-05T22:37:38+00:00\",\"dateModified\":\"2022-07-09T12:19:59+00:00\",\"breadcrumb\":{\"@id\":\"https:\/\/bismarckserben.org\/aktuelles\/2018-11-05-mythos-reichsbuerger-entlarvt\/#breadcrumb\"},\"inLanguage\":\"de\",\"potentialAction\":[{\"@type\":\"ReadAction\",\"target\":[\"https:\/\/bismarckserben.org\/aktuelles\/2018-11-05-mythos-reichsbuerger-entlarvt\/\"]}]},{\"@type\":\"ImageObject\",\"inLanguage\":\"de\",\"@id\":\"https:\/\/bismarckserben.org\/aktuelles\/2018-11-05-mythos-reichsbuerger-entlarvt\/#primaryimage\",\"url\":\"https:\/\/bismarckserben.org\/aktuelles\/wp-content\/uploads\/2018\/11\/dem-deutschen-volke.jpg\",\"contentUrl\":\"https:\/\/bismarckserben.org\/aktuelles\/wp-content\/uploads\/2018\/11\/dem-deutschen-volke.jpg\",\"width\":844,\"height\":587,\"caption\":\"Reichstag: Dem Deutschen Volke\"},{\"@type\":\"BreadcrumbList\",\"@id\":\"https:\/\/bismarckserben.org\/aktuelles\/2018-11-05-mythos-reichsbuerger-entlarvt\/#breadcrumb\",\"itemListElement\":[{\"@type\":\"ListItem\",\"position\":1,\"name\":\"Startseite\",\"item\":\"https:\/\/bismarckserben.org\/aktuelles\/\"},{\"@type\":\"ListItem\",\"position\":2,\"name\":\"Mythos Reichsb\u00fcrger entlarvt\"}]},{\"@type\":\"WebSite\",\"@id\":\"https:\/\/bismarckserben.org\/aktuelles\/#website\",\"url\":\"https:\/\/bismarckserben.org\/aktuelles\/\",\"name\":\"Bismarcks Erben.\",\"description\":\"Reorganisation des deutschen Indigenats.\",\"publisher\":{\"@id\":\"https:\/\/bismarckserben.org\/aktuelles\/#organization\"},\"potentialAction\":[{\"@type\":\"SearchAction\",\"target\":{\"@type\":\"EntryPoint\",\"urlTemplate\":\"https:\/\/bismarckserben.org\/aktuelles\/?s={search_term_string}\"},\"query-input\":{\"@type\":\"PropertyValueSpecification\",\"valueRequired\":true,\"valueName\":\"search_term_string\"}}],\"inLanguage\":\"de\"},{\"@type\":\"Organization\",\"@id\":\"https:\/\/bismarckserben.org\/aktuelles\/#organization\",\"name\":\"Bismarcks Erben\",\"url\":\"https:\/\/bismarckserben.org\/aktuelles\/\",\"logo\":{\"@type\":\"ImageObject\",\"inLanguage\":\"de\",\"@id\":\"https:\/\/bismarckserben.org\/aktuelles\/#\/schema\/logo\/image\/\",\"url\":\"https:\/\/bismarckserben.org\/aktuelles\/wp-content\/uploads\/2020\/04\/logo-bismarcks-erben-120x150-1.png\",\"contentUrl\":\"https:\/\/bismarckserben.org\/aktuelles\/wp-content\/uploads\/2020\/04\/logo-bismarcks-erben-120x150-1.png\",\"width\":120,\"height\":150,\"caption\":\"Bismarcks Erben\"},\"image\":{\"@id\":\"https:\/\/bismarckserben.org\/aktuelles\/#\/schema\/logo\/image\/\"}},{\"@type\":\"Person\",\"@id\":\"https:\/\/bismarckserben.org\/aktuelles\/#\/schema\/person\/9004856bcb989e4e4cabf5965a269de8\",\"name\":\"Sascha171\",\"image\":{\"@type\":\"ImageObject\",\"inLanguage\":\"de\",\"@id\":\"https:\/\/bismarckserben.org\/aktuelles\/#\/schema\/person\/image\/\",\"url\":\"https:\/\/secure.gravatar.com\/avatar\/1e3f022cd8f681d14f459ffaa89a6798?s=96&d=mm&r=g\",\"contentUrl\":\"https:\/\/secure.gravatar.com\/avatar\/1e3f022cd8f681d14f459ffaa89a6798?s=96&d=mm&r=g\",\"caption\":\"Sascha171\"},\"url\":\"https:\/\/bismarckserben.org\/aktuelles\/author\/sascha171\/\"}]}<\/script>\n<!-- \/ Yoast SEO plugin. -->","yoast_head_json":{"title":"Mythos Reichsb\u00fcrger entlarvt - Bismarcks Erben.","robots":{"index":"index","follow":"follow","max-snippet":"max-snippet:-1","max-image-preview":"max-image-preview:large","max-video-preview":"max-video-preview:-1"},"canonical":"https:\/\/bismarckserben.org\/aktuelles\/2018-11-05-mythos-reichsbuerger-entlarvt\/","og_locale":"de_DE","og_type":"article","og_title":"Mythos Reichsb\u00fcrger entlarvt - Bismarcks Erben.","og_description":"Artikel als Podcast anh\u00f6ren: Seit etwas mehr als zwei Jahren werden sog. &#8222;Reichsb\u00fcrger&#8220; unter medialen Dauerbeschuss genommen, jeder hat davon geh\u00f6rt doch niemand weiss, worum es sich dabei handelt. Seitens... Read more &raquo;","og_url":"https:\/\/bismarckserben.org\/aktuelles\/2018-11-05-mythos-reichsbuerger-entlarvt\/","og_site_name":"Bismarcks Erben.","article_published_time":"2018-11-05T22:37:38+00:00","article_modified_time":"2022-07-09T12:19:59+00:00","og_image":[{"width":844,"height":587,"url":"https:\/\/bismarckserben.org\/aktuelles\/wp-content\/uploads\/2018\/11\/dem-deutschen-volke.jpg","type":"image\/jpeg"}],"author":"Sascha171","twitter_card":"summary_large_image","twitter_misc":{"Verfasst von":"Sascha171","Gesch\u00e4tzte Lesezeit":"7\u00a0Minuten"},"schema":{"@context":"https:\/\/schema.org","@graph":[{"@type":"Article","@id":"https:\/\/bismarckserben.org\/aktuelles\/2018-11-05-mythos-reichsbuerger-entlarvt\/#article","isPartOf":{"@id":"https:\/\/bismarckserben.org\/aktuelles\/2018-11-05-mythos-reichsbuerger-entlarvt\/"},"author":{"name":"Sascha171","@id":"https:\/\/bismarckserben.org\/aktuelles\/#\/schema\/person\/9004856bcb989e4e4cabf5965a269de8"},"headline":"Mythos Reichsb\u00fcrger entlarvt","datePublished":"2018-11-05T22:37:38+00:00","dateModified":"2022-07-09T12:19:59+00:00","mainEntityOfPage":{"@id":"https:\/\/bismarckserben.org\/aktuelles\/2018-11-05-mythos-reichsbuerger-entlarvt\/"},"wordCount":1235,"commentCount":4,"publisher":{"@id":"https:\/\/bismarckserben.org\/aktuelles\/#organization"},"image":{"@id":"https:\/\/bismarckserben.org\/aktuelles\/2018-11-05-mythos-reichsbuerger-entlarvt\/#primaryimage"},"thumbnailUrl":"https:\/\/bismarckserben.org\/aktuelles\/wp-content\/uploads\/2018\/11\/dem-deutschen-volke.jpg","keywords":["Indigenat","ius sanguinis","Reichsb\u00fcrger"],"articleSection":["Geschichte"],"inLanguage":"de","potentialAction":[{"@type":"CommentAction","name":"Comment","target":["https:\/\/bismarckserben.org\/aktuelles\/2018-11-05-mythos-reichsbuerger-entlarvt\/#respond"]}]},{"@type":"WebPage","@id":"https:\/\/bismarckserben.org\/aktuelles\/2018-11-05-mythos-reichsbuerger-entlarvt\/","url":"https:\/\/bismarckserben.org\/aktuelles\/2018-11-05-mythos-reichsbuerger-entlarvt\/","name":"Mythos Reichsb\u00fcrger entlarvt - Bismarcks Erben.","isPartOf":{"@id":"https:\/\/bismarckserben.org\/aktuelles\/#website"},"primaryImageOfPage":{"@id":"https:\/\/bismarckserben.org\/aktuelles\/2018-11-05-mythos-reichsbuerger-entlarvt\/#primaryimage"},"image":{"@id":"https:\/\/bismarckserben.org\/aktuelles\/2018-11-05-mythos-reichsbuerger-entlarvt\/#primaryimage"},"thumbnailUrl":"https:\/\/bismarckserben.org\/aktuelles\/wp-content\/uploads\/2018\/11\/dem-deutschen-volke.jpg","datePublished":"2018-11-05T22:37:38+00:00","dateModified":"2022-07-09T12:19:59+00:00","breadcrumb":{"@id":"https:\/\/bismarckserben.org\/aktuelles\/2018-11-05-mythos-reichsbuerger-entlarvt\/#breadcrumb"},"inLanguage":"de","potentialAction":[{"@type":"ReadAction","target":["https:\/\/bismarckserben.org\/aktuelles\/2018-11-05-mythos-reichsbuerger-entlarvt\/"]}]},{"@type":"ImageObject","inLanguage":"de","@id":"https:\/\/bismarckserben.org\/aktuelles\/2018-11-05-mythos-reichsbuerger-entlarvt\/#primaryimage","url":"https:\/\/bismarckserben.org\/aktuelles\/wp-content\/uploads\/2018\/11\/dem-deutschen-volke.jpg","contentUrl":"https:\/\/bismarckserben.org\/aktuelles\/wp-content\/uploads\/2018\/11\/dem-deutschen-volke.jpg","width":844,"height":587,"caption":"Reichstag: Dem Deutschen Volke"},{"@type":"BreadcrumbList","@id":"https:\/\/bismarckserben.org\/aktuelles\/2018-11-05-mythos-reichsbuerger-entlarvt\/#breadcrumb","itemListElement":[{"@type":"ListItem","position":1,"name":"Startseite","item":"https:\/\/bismarckserben.org\/aktuelles\/"},{"@type":"ListItem","position":2,"name":"Mythos Reichsb\u00fcrger entlarvt"}]},{"@type":"WebSite","@id":"https:\/\/bismarckserben.org\/aktuelles\/#website","url":"https:\/\/bismarckserben.org\/aktuelles\/","name":"Bismarcks Erben.","description":"Reorganisation des deutschen Indigenats.","publisher":{"@id":"https:\/\/bismarckserben.org\/aktuelles\/#organization"},"potentialAction":[{"@type":"SearchAction","target":{"@type":"EntryPoint","urlTemplate":"https:\/\/bismarckserben.org\/aktuelles\/?s={search_term_string}"},"query-input":{"@type":"PropertyValueSpecification","valueRequired":true,"valueName":"search_term_string"}}],"inLanguage":"de"},{"@type":"Organization","@id":"https:\/\/bismarckserben.org\/aktuelles\/#organization","name":"Bismarcks Erben","url":"https:\/\/bismarckserben.org\/aktuelles\/","logo":{"@type":"ImageObject","inLanguage":"de","@id":"https:\/\/bismarckserben.org\/aktuelles\/#\/schema\/logo\/image\/","url":"https:\/\/bismarckserben.org\/aktuelles\/wp-content\/uploads\/2020\/04\/logo-bismarcks-erben-120x150-1.png","contentUrl":"https:\/\/bismarckserben.org\/aktuelles\/wp-content\/uploads\/2020\/04\/logo-bismarcks-erben-120x150-1.png","width":120,"height":150,"caption":"Bismarcks Erben"},"image":{"@id":"https:\/\/bismarckserben.org\/aktuelles\/#\/schema\/logo\/image\/"}},{"@type":"Person","@id":"https:\/\/bismarckserben.org\/aktuelles\/#\/schema\/person\/9004856bcb989e4e4cabf5965a269de8","name":"Sascha171","image":{"@type":"ImageObject","inLanguage":"de","@id":"https:\/\/bismarckserben.org\/aktuelles\/#\/schema\/person\/image\/","url":"https:\/\/secure.gravatar.com\/avatar\/1e3f022cd8f681d14f459ffaa89a6798?s=96&d=mm&r=g","contentUrl":"https:\/\/secure.gravatar.com\/avatar\/1e3f022cd8f681d14f459ffaa89a6798?s=96&d=mm&r=g","caption":"Sascha171"},"url":"https:\/\/bismarckserben.org\/aktuelles\/author\/sascha171\/"}]}},"_links":{"self":[{"href":"https:\/\/bismarckserben.org\/aktuelles\/wp-json\/wp\/v2\/posts\/104","targetHints":{"allow":["GET"]}}],"collection":[{"href":"https:\/\/bismarckserben.org\/aktuelles\/wp-json\/wp\/v2\/posts"}],"about":[{"href":"https:\/\/bismarckserben.org\/aktuelles\/wp-json\/wp\/v2\/types\/post"}],"author":[{"embeddable":true,"href":"https:\/\/bismarckserben.org\/aktuelles\/wp-json\/wp\/v2\/users\/1"}],"replies":[{"embeddable":true,"href":"https:\/\/bismarckserben.org\/aktuelles\/wp-json\/wp\/v2\/comments?post=104"}],"version-history":[{"count":19,"href":"https:\/\/bismarckserben.org\/aktuelles\/wp-json\/wp\/v2\/posts\/104\/revisions"}],"predecessor-version":[{"id":727,"href":"https:\/\/bismarckserben.org\/aktuelles\/wp-json\/wp\/v2\/posts\/104\/revisions\/727"}],"wp:featuredmedia":[{"embeddable":true,"href":"https:\/\/bismarckserben.org\/aktuelles\/wp-json\/wp\/v2\/media\/105"}],"wp:attachment":[{"href":"https:\/\/bismarckserben.org\/aktuelles\/wp-json\/wp\/v2\/media?parent=104"}],"wp:term":[{"taxonomy":"category","embeddable":true,"href":"https:\/\/bismarckserben.org\/aktuelles\/wp-json\/wp\/v2\/categories?post=104"},{"taxonomy":"post_tag","embeddable":true,"href":"https:\/\/bismarckserben.org\/aktuelles\/wp-json\/wp\/v2\/tags?post=104"}],"curies":[{"name":"wp","href":"https:\/\/api.w.org\/{rel}","templated":true}]}}